{"id":63867,"date":"2025-06-18T02:30:18","date_gmt":"2025-06-18T02:30:18","guid":{"rendered":"https:\/\/lahora.mx\/?p=63867"},"modified":"2025-06-18T02:30:18","modified_gmt":"2025-06-18T02:30:18","slug":"sheinbaum-habla-con-trump-tras-suspension-de-reunion-en-canada","status":"publish","type":"post","link":"https:\/\/lahora.mx\/index.php\/2025\/06\/18\/sheinbaum-habla-con-trump-tras-suspension-de-reunion-en-canada\/","title":{"rendered":"Sheinbaum habla con Trump tras suspensi\u00f3n de reuni\u00f3n en Canad\u00e1"},"content":{"rendered":"\n<p>La presidenta Claudia Sheinbaum tuvo una llamada telef\u00f3nica con su hom\u00f3logo de Estados Unidos, Donald Trump, con quien este martes ten\u00eda programada su primera reuni\u00f3n personal en Canad\u00e1 en el marco de la cumbre del G7, la cual no se concret\u00f3 porque el republicano cancel\u00f3 su agenda para regresar a la naci\u00f3n estadunidense.<\/p>\n\n\n\n<p>A trav\u00e9s de su cuenta de X, antes Twitter, la presidenta Sheinbaum dio a conocer que tuvo una \u00abbuena conversaci\u00f3n telef\u00f3nica\u00bb con Trump, quien le inform\u00f3 que ayer sali\u00f3 de emergencia de la cumbre que se desarrolla en Canad\u00e1 debido a la situaci\u00f3n en Medio Oriente, con el conflicto entre Israel e Ir\u00e1n, naciones que se han venido atacando desde el fin de semana.<\/p>\n\n\n\n<p>De acuerdo con Sheinbaum, en la conversaci\u00f3n con el presidente estadunidense ambos coincidieron en trabajar juntos para \u00abllegar pronto a un acuerdo\u00bb en diversos temas que les preocupan; entre ellos la migraci\u00f3n, la seguridad y el comercio, en espec\u00edfico los aranceles al acero y al aluminio que impuso Trump inicialmente en 25% y que despu\u00e9s aument\u00f3 al 50%.<\/p>\n\n\n\n<p><br>La presidenta Claudia Sheinbaum viaj\u00f3 el lunes en la madrugada hacia Canad\u00e1 para participar en la cumbre le G7, a donde fue invitada por el primer ministro Mark Carney, con quien tiene programada una reuni\u00f3n bilateral.<\/p>\n\n\n\n<p>\u00abParticipo en la Cumbre del G7 en Canad\u00e1 como representante de un pueblo digno y orgulloso que ama su historia, su cultura, y que se ha caracterizado por ser promotor de la paz\u00bb, destac\u00f3 la presidenta.<\/p>\n\n\n\n<p>Como parte de su agenda en Canad\u00e1, Sheinbaum se reuni\u00f3 con el primer ministro de India, Narendra Modi, con quien habl\u00f3 sobre las v\u00edas para profundizar la cooperaci\u00f3n entre ambas naciones en comercio, productos farmac\u00e9uticos, ciencia y tecnolog\u00eda, innovaci\u00f3n digital y compartieron perspectivas sobre temas globales y regionales clave, incluyendo las prioridades del Sur Global.<\/p>\n\n\n\n<p>La agenda de Sheinbaum contin\u00faa con su participaci\u00f3n en la reuni\u00f3n plenaria de la cumbre del G7 en la que participar\u00e1n todos los jefes de Estado y m\u00e1s tarde se reunir\u00e1 con el canciller de Alemania, Friedrich Merz; y cerrar\u00e1 con un encuentro con el primer ministro de Canad\u00e1, Mark Carney.<\/p>\n","protected":false},"excerpt":{"rendered":"<p>La presidenta Claudia Sheinbaum tuvo una llamada telef\u00f3nica con su hom\u00f3logo de Estados Unidos, Donald Trump, con quien este martes ten\u00eda programada su primera reuni\u00f3n personal en Canad\u00e1 en el marco de la cumbre del G7, la cual no se concret\u00f3 porque el republicano cancel\u00f3 su agenda para regresar a la naci\u00f3n estadunidense. A trav\u00e9s [&hellip;]<\/p>\n","protected":false},"author":4,"featured_media":63868,"comment_status":"open","ping_status":"open","sticky":false,"template":"","format":"standard","meta":{"om_disable_all_campaigns":false,"_monsterinsights_skip_tracking":false,"_monsterinsights_sitenote_active":false,"_monsterinsights_sitenote_note":"","_monsterinsights_sitenote_category":0,"footnotes":""},"categories":[183],"tags":[],"class_list":["post-63867","post","type-post","status-publish","format-standard","has-post-thumbnail","hentry","category-internacional"],"amp_enabled":true,"_links":{"self":[{"href":"https:\/\/lahora.mx\/index.php\/wp-json\/wp\/v2\/posts\/63867","targetHints":{"allow":["GET"]}}],"collection":[{"href":"https:\/\/lahora.mx\/index.php\/wp-json\/wp\/v2\/posts"}],"about":[{"href":"https:\/\/lahora.mx\/index.php\/wp-json\/wp\/v2\/types\/post"}],"author":[{"embeddable":true,"href":"https:\/\/lahora.mx\/index.php\/wp-json\/wp\/v2\/users\/4"}],"replies":[{"embeddable":true,"href":"https:\/\/lahora.mx\/index.php\/wp-json\/wp\/v2\/comments?post=63867"}],"version-history":[{"count":1,"href":"https:\/\/lahora.mx\/index.php\/wp-json\/wp\/v2\/posts\/63867\/revisions"}],"predecessor-version":[{"id":63869,"href":"https:\/\/lahora.mx\/index.php\/wp-json\/wp\/v2\/posts\/63867\/revisions\/63869"}],"wp:featuredmedia":[{"embeddable":true,"href":"https:\/\/lahora.mx\/index.php\/wp-json\/wp\/v2\/media\/63868"}],"wp:attachment":[{"href":"https:\/\/lahora.mx\/index.php\/wp-json\/wp\/v2\/media?parent=63867"}],"wp:term":[{"taxonomy":"category","embeddable":true,"href":"https:\/\/lahora.mx\/index.php\/wp-json\/wp\/v2\/categories?post=63867"},{"taxonomy":"post_tag","embeddable":true,"href":"https:\/\/lahora.mx\/index.php\/wp-json\/wp\/v2\/tags?post=63867"}],"curies":[{"name":"wp","href":"https:\/\/api.w.org\/{rel}","templated":true}]}}