{"id":63864,"date":"2025-06-18T02:05:09","date_gmt":"2025-06-18T02:05:09","guid":{"rendered":"https:\/\/lahora.mx\/?p=63864"},"modified":"2025-06-18T02:05:10","modified_gmt":"2025-06-18T02:05:10","slug":"trump-mobile-retira-mapa-de-cobertura-por-culpa-del-golfo-de-mexico","status":"publish","type":"post","link":"https:\/\/lahora.mx\/index.php\/2025\/06\/18\/trump-mobile-retira-mapa-de-cobertura-por-culpa-del-golfo-de-mexico\/","title":{"rendered":"Trump Mobile retira mapa de cobertura por \u2018culpa\u2019 del Golfo de M\u00e9xico"},"content":{"rendered":"\n<p>Trump Mobile, el nuevo operador de telefon\u00eda m\u00f3vil presentado el lunes por los hijos del presidente de EU, Donald Trump, retir\u00f3 este martes de su web el mapa de cobertura de se\u00f1al de la empresa, despu\u00e9s de que usuarios en redes sociales destacaran que inclu\u00eda el t\u00e9rmino \u2018Golfo de M\u00e9xico\u2019.<\/p>\n\n\n\n<p>La compa\u00f1\u00eda desactiv\u00f3 el enlace al mapa que muestra el alcance geogr\u00e1fico de su recepci\u00f3n de se\u00f1al despu\u00e9s de que muchos internautas destacaran que el cuerpo de agua al este de M\u00e9xico hab\u00eda sido etiquetado como \u2018Golfo de M\u00e9xico\u2019 y no \u2018Golfo de Am\u00e9rica\u2019, t\u00e9rmino que prefiere Trump.<\/p>\n\n\n\n<p>El propio presidente firm\u00f3 una orden ejecutiva nada m\u00e1s retornar al poder en enero, en la que obligaba a renombrar a esta masa de agua como \u2018Golfo de Am\u00e9rica\u2019 en cualquier referencia, mapa y documento federal.<\/p>\n\n\n\n<p>\u00bfCu\u00e1l es el nombre oficial del Golfo de M\u00e9xico reconocido internacionalmente?<br>Golfo de M\u00e9xico es el nombre reconocido oficialmente por la Organizaci\u00f3n Hidrogr\u00e1fica Internacional, que busca estandarizar nombres en el plano cartogr\u00e1fico, para el \u00e1rea marina que se sit\u00faa al este de M\u00e9xico, al oeste de Cuba y que ba\u00f1a las costas de los estados estadounidenses Texas, Luisiana y Alabama, as\u00ed como la vertiente occidental de Florida.<br>El lunes 16 de junio, Eric Trump y Donald Trump Jr. presentaron el lanzamiento de Trump Mobile, un servicio de telefon\u00eda m\u00f3vil que parece cimentar el giro de la Organizaci\u00f3n Trump, ya muy volcada en las criptomonedas, hacia el sector tecnol\u00f3gico.<\/p>\n\n\n\n<p>Trump Mobile tambi\u00e9n ha anunciado el pr\u00f3ximo lanzamiento de un tel\u00e9fono bautizado como T1, que est\u00e1 dise\u00f1ado y fabricado en EU, funcionar\u00e1 con el sistema operativo Android y tendr\u00e1 un coste de 499 d\u00f3lares.<\/p>\n\n\n\n<p>Los Trump preparan su propia l\u00ednea de tel\u00e9fonos<br>Los expertos han apuntado a la imposibilidad de fabricar actualmente un tel\u00e9fono con las caracter\u00edsticas t\u00e9cnicas del T1 en EU dada la actual configuraci\u00f3n de las cadenas de suministro globales.<\/p>\n","protected":false},"excerpt":{"rendered":"<p>Trump Mobile, el nuevo operador de telefon\u00eda m\u00f3vil presentado el lunes por los hijos del presidente de EU, Donald Trump, retir\u00f3 este martes de su web el mapa de cobertura de se\u00f1al de la empresa, despu\u00e9s de que usuarios en redes sociales destacaran que inclu\u00eda el t\u00e9rmino \u2018Golfo de M\u00e9xico\u2019. La compa\u00f1\u00eda desactiv\u00f3 el enlace [&hellip;]<\/p>\n","protected":false},"author":4,"featured_media":63865,"comment_status":"open","ping_status":"open","sticky":false,"template":"","format":"standard","meta":{"om_disable_all_campaigns":false,"_monsterinsights_skip_tracking":false,"_monsterinsights_sitenote_active":false,"_monsterinsights_sitenote_note":"","_monsterinsights_sitenote_category":0,"footnotes":""},"categories":[7,183],"tags":[],"class_list":["post-63864","post","type-post","status-publish","format-standard","has-post-thumbnail","hentry","category-geek","category-internacional"],"amp_enabled":true,"_links":{"self":[{"href":"https:\/\/lahora.mx\/index.php\/wp-json\/wp\/v2\/posts\/63864","targetHints":{"allow":["GET"]}}],"collection":[{"href":"https:\/\/lahora.mx\/index.php\/wp-json\/wp\/v2\/posts"}],"about":[{"href":"https:\/\/lahora.mx\/index.php\/wp-json\/wp\/v2\/types\/post"}],"author":[{"embeddable":true,"href":"https:\/\/lahora.mx\/index.php\/wp-json\/wp\/v2\/users\/4"}],"replies":[{"embeddable":true,"href":"https:\/\/lahora.mx\/index.php\/wp-json\/wp\/v2\/comments?post=63864"}],"version-history":[{"count":1,"href":"https:\/\/lahora.mx\/index.php\/wp-json\/wp\/v2\/posts\/63864\/revisions"}],"predecessor-version":[{"id":63866,"href":"https:\/\/lahora.mx\/index.php\/wp-json\/wp\/v2\/posts\/63864\/revisions\/63866"}],"wp:featuredmedia":[{"embeddable":true,"href":"https:\/\/lahora.mx\/index.php\/wp-json\/wp\/v2\/media\/63865"}],"wp:attachment":[{"href":"https:\/\/lahora.mx\/index.php\/wp-json\/wp\/v2\/media?parent=63864"}],"wp:term":[{"taxonomy":"category","embeddable":true,"href":"https:\/\/lahora.mx\/index.php\/wp-json\/wp\/v2\/categories?post=63864"},{"taxonomy":"post_tag","embeddable":true,"href":"https:\/\/lahora.mx\/index.php\/wp-json\/wp\/v2\/tags?post=63864"}],"curies":[{"name":"wp","href":"https:\/\/api.w.org\/{rel}","templated":true}]}}