{"id":63858,"date":"2025-06-18T01:29:37","date_gmt":"2025-06-18T01:29:37","guid":{"rendered":"https:\/\/lahora.mx\/?p=63858"},"modified":"2025-06-18T01:29:38","modified_gmt":"2025-06-18T01:29:38","slug":"defiende-armenta-ley-de-ciberseguridad-de-puebla","status":"publish","type":"post","link":"https:\/\/lahora.mx\/index.php\/2025\/06\/18\/defiende-armenta-ley-de-ciberseguridad-de-puebla\/","title":{"rendered":"Defiende Armenta Ley de Ciberseguridad de Puebla"},"content":{"rendered":"\n<p>El gobernador Alejandro Armenta Mier defendi\u00f3 la Ley de Ciberseguridad aprobada en Puebla, al asegurar que no es censura y que no existe ninguna intenci\u00f3n de limitar la libertad de expresi\u00f3n o coartar al periodismo y a los comunicadores.<\/p>\n\n\n\n<p>En entrevista, declar\u00f3 que el origen de esta reforma es que Puebla ocupa el quinto lugar en ciberdelitos y se encuentra dentro de la zona metropolitana del pa\u00eds que a su vez tiene el primer lugar en ciberdelitos.<\/p>\n\n\n\n<p>Por esa raz\u00f3n, el morenista dijo que la Ley de Ciberasedio puede ser enriquecida a trav\u00e9s de los foros que organice el Congreso del Estado, donde se explicar\u00e1n sus impactos y beneficios.<\/p>\n\n\n\n<p>Despu\u00e9s de entregar patrullas y torres de vigilancia, el mandatario neg\u00f3 que con su entrada en vigor se trasgreda los derechos humanos e indic\u00f3 que el 75 por ciento de la poblaci\u00f3n utiliza redes sociales, y de ah\u00ed la importancia de exista una regulaci\u00f3n.<\/p>\n\n\n\n<p>Ante este escenario, el gobernador del estado consider\u00f3 que una gran parte de la poblaci\u00f3n se encuentra en situaci\u00f3n de vulnerabilidad, por lo que se requer\u00eda una norma jur\u00eddica que protegiera a las y los ciudadanos frente a delitos como el robo de identidad, la corrupci\u00f3n de menores y la trata de personas.<\/p>\n\n\n\n<p>As\u00ed que argument\u00f3 las reformas al C\u00f3digo Penal representan acciones contundentes contra los ciberdelitos, y posicionan a Puebla a la vanguardia en esta materia.<\/p>\n\n\n\n<p>\u00abNunca el esp\u00edritu del legislador ha sido el de limitar las libertades. Ser el quinto estado con mayor n\u00famero de ciberdelitos exige, al igual que en el caso de los homicidios cometidos desde motocicletas, hubo una respuesta firme. Estas son acciones contundentes, con apego al derecho\u201d, manifest\u00f3.<\/p>\n\n\n\n<p>En este sentido, Alejandro Armenta celebr\u00f3 que el Congreso haya aceptado su solicitud de realizar foros para analizar el impacto y los beneficios de la Ley de Ciberseguridad, a fin de \u201cenriquecer las disposiciones y normas legales correspondientes\u201d, en caso de ser necesario.<\/p>\n\n\n\n<p>Para lograrlo, dijo que se debe partir de un an\u00e1lisis t\u00e9cnico y cient\u00edfico que incluya la participaci\u00f3n de abogados, c\u00e1maras empresariales, organizaciones y organismos de derechos humanos, as\u00ed como de padres de familia y otros sectores potencialmente afectados por los ciberdelitos.<\/p>\n\n\n\n<p>Por su parte, la presidenta de la Junta de Gobierno y Coordinaci\u00f3n Pol\u00edtica del Congreso del Estado, Laura Artemisa Garc\u00eda Ch\u00e1vez, coment\u00f3 que este jueves iniciar\u00e1n los foros para discutir la mencionada ley, y anunci\u00f3 que en breve se emitir\u00e1 una convocatoria abierta a la ciudadan\u00eda interesada.<\/p>\n\n\n\n<p>Incluso, adelant\u00f3 que el pr\u00f3ximo viernes podr\u00eda celebrarse un foro espec\u00edfico para abordar el tema de la libertad de expresi\u00f3n.<\/p>\n","protected":false},"excerpt":{"rendered":"<p>El gobernador Alejandro Armenta Mier defendi\u00f3 la Ley de Ciberseguridad aprobada en Puebla, al asegurar que no es censura y que no existe ninguna intenci\u00f3n de limitar la libertad de expresi\u00f3n o coartar al periodismo y a los comunicadores. En entrevista, declar\u00f3 que el origen de esta reforma es que Puebla ocupa el quinto lugar [&hellip;]<\/p>\n","protected":false},"author":4,"featured_media":63859,"comment_status":"open","ping_status":"open","sticky":false,"template":"","format":"standard","meta":{"om_disable_all_campaigns":false,"_monsterinsights_skip_tracking":false,"_monsterinsights_sitenote_active":false,"_monsterinsights_sitenote_note":"","_monsterinsights_sitenote_category":0,"footnotes":""},"categories":[175],"tags":[239,223],"class_list":["post-63858","post","type-post","status-publish","format-standard","has-post-thumbnail","hentry","category-local","tag-gobierno","tag-puebla"],"amp_enabled":true,"_links":{"self":[{"href":"https:\/\/lahora.mx\/index.php\/wp-json\/wp\/v2\/posts\/63858","targetHints":{"allow":["GET"]}}],"collection":[{"href":"https:\/\/lahora.mx\/index.php\/wp-json\/wp\/v2\/posts"}],"about":[{"href":"https:\/\/lahora.mx\/index.php\/wp-json\/wp\/v2\/types\/post"}],"author":[{"embeddable":true,"href":"https:\/\/lahora.mx\/index.php\/wp-json\/wp\/v2\/users\/4"}],"replies":[{"embeddable":true,"href":"https:\/\/lahora.mx\/index.php\/wp-json\/wp\/v2\/comments?post=63858"}],"version-history":[{"count":1,"href":"https:\/\/lahora.mx\/index.php\/wp-json\/wp\/v2\/posts\/63858\/revisions"}],"predecessor-version":[{"id":63860,"href":"https:\/\/lahora.mx\/index.php\/wp-json\/wp\/v2\/posts\/63858\/revisions\/63860"}],"wp:featuredmedia":[{"embeddable":true,"href":"https:\/\/lahora.mx\/index.php\/wp-json\/wp\/v2\/media\/63859"}],"wp:attachment":[{"href":"https:\/\/lahora.mx\/index.php\/wp-json\/wp\/v2\/media?parent=63858"}],"wp:term":[{"taxonomy":"category","embeddable":true,"href":"https:\/\/lahora.mx\/index.php\/wp-json\/wp\/v2\/categories?post=63858"},{"taxonomy":"post_tag","embeddable":true,"href":"https:\/\/lahora.mx\/index.php\/wp-json\/wp\/v2\/tags?post=63858"}],"curies":[{"name":"wp","href":"https:\/\/api.w.org\/{rel}","templated":true}]}}