{"id":63852,"date":"2025-06-18T01:06:41","date_gmt":"2025-06-18T01:06:41","guid":{"rendered":"https:\/\/lahora.mx\/?p=63852"},"modified":"2025-06-18T01:06:42","modified_gmt":"2025-06-18T01:06:42","slug":"aprueba-congreso-de-puebla-en-comisiones-ley-chaleco-uso-solo-sera-obligatorio-para-repartidores","status":"publish","type":"post","link":"https:\/\/lahora.mx\/index.php\/2025\/06\/18\/aprueba-congreso-de-puebla-en-comisiones-ley-chaleco-uso-solo-sera-obligatorio-para-repartidores\/","title":{"rendered":"Aprueba Congreso de Puebla en comisiones \u2018Ley Chaleco\u2019; uso solo ser\u00e1 obligatorio para repartidores\u00a0"},"content":{"rendered":"\n<p>La denominada \u2018Ley Chaleco\u2019 s\u00ed incluir\u00e1 el uso obligatorio de esta prenda para motociclistas en Puebla, sin embargo, esta disposici\u00f3n solo ser\u00e1 aplicable para aquellos que ofrezcan el servicio de mensajer\u00eda y paqueter\u00eda. La modificaci\u00f3n a la iniciativa tambi\u00e9n propone eliminar los permisos provisionales de circulaci\u00f3n.<\/p>\n\n\n\n<p>Este martes, y por unanimidad de votos, los diputados -de Morena y aliados- que integran la Comisi\u00f3n de Transporte del Legislativo avalaron el dictamen de la reforma con estas nuevas modificaciones. As\u00ed, ser\u00e1 turnado el 18 de junio al Pleno para su eventual aprobaci\u00f3n.<\/p>\n\n\n\n<p>El dictamen se\u00f1ala que el uso casco con un distintivo con los datos del conductor (los cuales ser\u00e1n expedidos por la Secretar\u00eda de Movilidad y Transporte) se mantendr\u00e1 obligatorio para todos los motociclistas sin excepci\u00f3n. En tanto, se elimin\u00f3 la disposici\u00f3n de que el chaleco -para quienes s\u00ed deber\u00e1n portarlo- lleve plasmado el n\u00famero de placa, sin embargo, este deber\u00e1 ser de al menos el 20 por ciento de material reflejante y su uso obligatorio ser\u00e1 en cualquier horario.<br>Muere motociclista al derrapar su unidad en carretera de Atlixco<br>La v\u00edctima mortal fue identificado como Adri\u00e1n N., quien perdi\u00f3 el control de su unidad y al caer se golpe\u00f3 fuertemente contra el asfalto<br>As\u00ed, una vez entre en vigor la reforma, dicha Secretar\u00eda tendr\u00e1 un plazo de 180 d\u00edas para realizar las acciones necesarias y expida el distintivo referido, asegurando su dise\u00f1o, producci\u00f3n y distribuci\u00f3n en coordinaci\u00f3n con las instancias competentes, a fin de evitar afectaciones a los motociclistas.<\/p>\n\n\n\n<p>Otros aspectos que contempla la reforma, que est\u00e1 a un paso de ser aprobada, es que solo podr\u00e1 tripular la motocicleta la persona conductora, o bien, el n\u00famero de acompa\u00f1antes registrados en la tarjeta de circulaci\u00f3n (datos registrados por la Secretar\u00eda de Movilidad). En tanto, quedar\u00e1 prohibida la alteraci\u00f3n de las unidades para ampliar el n\u00famero de asientos.<\/p>\n\n\n\n<p>Respecto a los motociclistas de mensajer\u00eda y paqueter\u00eda quedar\u00e1 prohibido que viaje m\u00e1s de una persona en la unidad, ya que solo podr\u00e1 circular el conductor. Asimismo, este sector deber\u00e1 adaptar su contenedor de reparto para que que este no obstruya la visibilidad de la placa y de los espejos laterales.<\/p>\n\n\n\n<p><br>\u2018Chico Harley\u2019 realiza su \u00faltima rodada con fe, amistad y uni\u00f3n en Tehuac\u00e1n<br>M\u00e1s de 3 mil bikers provenientes de distintos puntos del pa\u00eds y el extranjero se dieron cita n Tehuac\u00e1n para compartir su pasi\u00f3n por las motocicletas<br>Finalmente, esta reforma que tambi\u00e9n regular\u00e1 el tr\u00e1nsito de bicicletas el\u00e9ctricas y scooters propone que quienes conduzcan dichos dispositivos o podr\u00e1n superar una velocidad de 25 kil\u00f3metros por hora, ni podr\u00e1n circular por v\u00edas primarias, de acceso controlado o de alta velocidad si no existe infraestructura segura para ello.<\/p>\n","protected":false},"excerpt":{"rendered":"<p>La denominada \u2018Ley Chaleco\u2019 s\u00ed incluir\u00e1 el uso obligatorio de esta prenda para motociclistas en Puebla, sin embargo, esta disposici\u00f3n solo ser\u00e1 aplicable para aquellos que ofrezcan el servicio de mensajer\u00eda y paqueter\u00eda. La modificaci\u00f3n a la iniciativa tambi\u00e9n propone eliminar los permisos provisionales de circulaci\u00f3n. Este martes, y por unanimidad de votos, los diputados [&hellip;]<\/p>\n","protected":false},"author":4,"featured_media":63853,"comment_status":"open","ping_status":"open","sticky":false,"template":"","format":"standard","meta":{"om_disable_all_campaigns":false,"_monsterinsights_skip_tracking":false,"_monsterinsights_sitenote_active":false,"_monsterinsights_sitenote_note":"","_monsterinsights_sitenote_category":0,"footnotes":""},"categories":[175],"tags":[227,195,223],"class_list":["post-63852","post","type-post","status-publish","format-standard","has-post-thumbnail","hentry","category-local","tag-congreso","tag-principal","tag-puebla"],"amp_enabled":true,"_links":{"self":[{"href":"https:\/\/lahora.mx\/index.php\/wp-json\/wp\/v2\/posts\/63852","targetHints":{"allow":["GET"]}}],"collection":[{"href":"https:\/\/lahora.mx\/index.php\/wp-json\/wp\/v2\/posts"}],"about":[{"href":"https:\/\/lahora.mx\/index.php\/wp-json\/wp\/v2\/types\/post"}],"author":[{"embeddable":true,"href":"https:\/\/lahora.mx\/index.php\/wp-json\/wp\/v2\/users\/4"}],"replies":[{"embeddable":true,"href":"https:\/\/lahora.mx\/index.php\/wp-json\/wp\/v2\/comments?post=63852"}],"version-history":[{"count":1,"href":"https:\/\/lahora.mx\/index.php\/wp-json\/wp\/v2\/posts\/63852\/revisions"}],"predecessor-version":[{"id":63854,"href":"https:\/\/lahora.mx\/index.php\/wp-json\/wp\/v2\/posts\/63852\/revisions\/63854"}],"wp:featuredmedia":[{"embeddable":true,"href":"https:\/\/lahora.mx\/index.php\/wp-json\/wp\/v2\/media\/63853"}],"wp:attachment":[{"href":"https:\/\/lahora.mx\/index.php\/wp-json\/wp\/v2\/media?parent=63852"}],"wp:term":[{"taxonomy":"category","embeddable":true,"href":"https:\/\/lahora.mx\/index.php\/wp-json\/wp\/v2\/categories?post=63852"},{"taxonomy":"post_tag","embeddable":true,"href":"https:\/\/lahora.mx\/index.php\/wp-json\/wp\/v2\/tags?post=63852"}],"curies":[{"name":"wp","href":"https:\/\/api.w.org\/{rel}","templated":true}]}}