{"id":6385,"date":"2022-05-03T04:31:41","date_gmt":"2022-05-03T04:31:41","guid":{"rendered":"http:\/\/lahora.mx\/?p=6385"},"modified":"2022-05-03T04:31:42","modified_gmt":"2022-05-03T04:31:42","slug":"lanzan-cuerpo-maniatado-en-la-mexico-puebla-en-tlahuapan","status":"publish","type":"post","link":"https:\/\/lahora.mx\/index.php\/2022\/05\/03\/lanzan-cuerpo-maniatado-en-la-mexico-puebla-en-tlahuapan\/","title":{"rendered":"Lanzan cuerpo maniatado en la M\u00e9xico &#8211; Puebla, en Tlahuapan"},"content":{"rendered":"\n<p>Un cuerpo&nbsp;<strong>maniatado y con signos de violencia<\/strong>&nbsp;fue lanzado la tarde de este lunes desde un veh\u00edculo en movimiento hacia la autopista M\u00e9xico-Puebla, a la altura del kil\u00f3metro 67.2,&nbsp;<strong>en el municipio de Tlahuapan.<\/strong><\/p>\n\n\n\n<p>Autoridades fueron alertadas del caso&nbsp;<strong>este 2 de mayo a las 15:20 horas<\/strong>, por lo que agentes de la Guardia Nacional (GN) se dirigieron al punto conocido como \u201c<strong>El Pipir\u00edn<\/strong>\u201d.<\/p>\n\n\n\n<p>Ah\u00ed confirmaron la presencia del cad\u00e1ver de un hombre, el cual&nbsp;<strong>estaba atado de las manos<\/strong>&nbsp;<strong>por la espalda<\/strong>, adem\u00e1s de que presentaba un&nbsp;<strong>impacto de arma de fuego en la cabeza.<\/strong><\/p>\n\n\n\n<p>Algunas personas comentaron que los responsables&nbsp;<strong>viajaban en un autom\u00f3vil<\/strong>&nbsp;y arrojaron el cuerpo a casi diez metros hacia una barranquilla,&nbsp;<strong>con direcci\u00f3n a la Ciudad de M\u00e9xico<\/strong>&nbsp;y despu\u00e9s huyeron.<\/p>\n\n\n\n<p>Agentes ministeriales realizaron las pesquisas del levantamiento de cad\u00e1ver, el cual fue enviado a la morgue para la necropsia de ley y as\u00ed&nbsp;<strong>determinar la causa de muerte<\/strong>, adem\u00e1s de que se espera que alguien acuda a identificarlo.<\/p>\n","protected":false},"excerpt":{"rendered":"<p>Un cuerpo&nbsp;maniatado y con signos de violencia&nbsp;fue lanzado la tarde de este lunes desde un veh\u00edculo en movimiento hacia la autopista M\u00e9xico-Puebla, a la altura del kil\u00f3metro 67.2,&nbsp;en el municipio de Tlahuapan. Autoridades fueron alertadas del caso&nbsp;este 2 de mayo a las 15:20 horas, por lo que agentes de la Guardia Nacional (GN) se dirigieron [&hellip;]<\/p>\n","protected":false},"author":4,"featured_media":6386,"comment_status":"open","ping_status":"open","sticky":false,"template":"","format":"standard","meta":{"om_disable_all_campaigns":false,"_monsterinsights_skip_tracking":false,"_monsterinsights_sitenote_active":false,"_monsterinsights_sitenote_note":"","_monsterinsights_sitenote_category":0,"footnotes":""},"categories":[175],"tags":[223],"class_list":["post-6385","post","type-post","status-publish","format-standard","has-post-thumbnail","hentry","category-local","tag-puebla"],"amp_enabled":true,"_links":{"self":[{"href":"https:\/\/lahora.mx\/index.php\/wp-json\/wp\/v2\/posts\/6385","targetHints":{"allow":["GET"]}}],"collection":[{"href":"https:\/\/lahora.mx\/index.php\/wp-json\/wp\/v2\/posts"}],"about":[{"href":"https:\/\/lahora.mx\/index.php\/wp-json\/wp\/v2\/types\/post"}],"author":[{"embeddable":true,"href":"https:\/\/lahora.mx\/index.php\/wp-json\/wp\/v2\/users\/4"}],"replies":[{"embeddable":true,"href":"https:\/\/lahora.mx\/index.php\/wp-json\/wp\/v2\/comments?post=6385"}],"version-history":[{"count":1,"href":"https:\/\/lahora.mx\/index.php\/wp-json\/wp\/v2\/posts\/6385\/revisions"}],"predecessor-version":[{"id":6387,"href":"https:\/\/lahora.mx\/index.php\/wp-json\/wp\/v2\/posts\/6385\/revisions\/6387"}],"wp:featuredmedia":[{"embeddable":true,"href":"https:\/\/lahora.mx\/index.php\/wp-json\/wp\/v2\/media\/6386"}],"wp:attachment":[{"href":"https:\/\/lahora.mx\/index.php\/wp-json\/wp\/v2\/media?parent=6385"}],"wp:term":[{"taxonomy":"category","embeddable":true,"href":"https:\/\/lahora.mx\/index.php\/wp-json\/wp\/v2\/categories?post=6385"},{"taxonomy":"post_tag","embeddable":true,"href":"https:\/\/lahora.mx\/index.php\/wp-json\/wp\/v2\/tags?post=6385"}],"curies":[{"name":"wp","href":"https:\/\/api.w.org\/{rel}","templated":true}]}}