{"id":63837,"date":"2025-06-17T16:12:51","date_gmt":"2025-06-17T16:12:51","guid":{"rendered":"https:\/\/lahora.mx\/?p=63837"},"modified":"2025-06-17T16:12:51","modified_gmt":"2025-06-17T16:12:51","slug":"puebla-recibe-a-deportistas-previo-al-arranque-de-los-juegos-escolares","status":"publish","type":"post","link":"https:\/\/lahora.mx\/index.php\/2025\/06\/17\/puebla-recibe-a-deportistas-previo-al-arranque-de-los-juegos-escolares\/","title":{"rendered":"Puebla recibe a deportistas previo al arranque de los Juegos Escolares"},"content":{"rendered":"\n<p>A nombre del Gobierno del Estado, encabezado por Alejandro Armenta, la secretaria de Deporte y Juventud, Gaby \u201cLa Bonita\u201d S\u00e1nchez y el secretario de Educaci\u00f3n, Manuel Viveros Narciso, dieron la bienvenida a las delegaciones deportivas provenientes de los diferentes estados del pa\u00eds, en el marco de los Juegos Deportivos Nacionales Escolares que arrancan actividades a partir de este martes.<\/p>\n\n\n\n<p>La recepci\u00f3n se llev\u00f3 a cabo en las instalaciones de la Unidad Deportiva \u201cMario V\u00e1zquez Ra\u00f1a\u201d y el Centro de Alto Rendimiento, donde cientos de estudiantes deportistas recibieron con entusiasmo sus paquetes de bienvenida proporcionados por el Comit\u00e9 Organizador del evento.<\/p>\n\n\n\n<p>En un ambiente lleno de alegr\u00eda, compa\u00f1erismo y esp\u00edritu deportivo, las autoridades estatales destacaron la importancia de este evento como un espacio de convivencia nacional y una plataforma para el desarrollo del talento joven. La titular del Deporte, Gaby \u201cLa Bonita\u201d S\u00e1nchez, agradeci\u00f3 la confianza depositada en Puebla como sede de esta justa escolar donde reiter\u00f3 el compromiso del gobernador por fomentar el deporte como herramienta de transformaci\u00f3n social.<\/p>\n\n\n\n<p>A partir de este martes, la fiesta deportiva comenzar\u00e1 de lleno en las distintas sedes distribuidas en la capital poblana y sus municipios circundantes donde se disputar\u00e1n las competencias del nivel medio superior y ser\u00e1 el primer bloque en entrar en acci\u00f3n dentro de este magno evento.<\/p>\n\n\n\n<p>Como parte de la pol\u00edtica de la presidenta Claudia Sheinbaum, este evento es a favor de las juventudes y en beneficio de la reconstrucci\u00f3n del tejido social, por lo que Puebla se consolida como la capital nacional del deporte escolar, al ser anfitriona de m\u00e1s de 21 mil atletas estudiantes que participar\u00e1n en distintas disciplinas.<\/p>\n","protected":false},"excerpt":{"rendered":"<p>A nombre del Gobierno del Estado, encabezado por Alejandro Armenta, la secretaria de Deporte y Juventud, Gaby \u201cLa Bonita\u201d S\u00e1nchez y el secretario de Educaci\u00f3n, Manuel Viveros Narciso, dieron la bienvenida a las delegaciones deportivas provenientes de los diferentes estados del pa\u00eds, en el marco de los Juegos Deportivos Nacionales Escolares que arrancan actividades a [&hellip;]<\/p>\n","protected":false},"author":4,"featured_media":63838,"comment_status":"open","ping_status":"open","sticky":false,"template":"","format":"standard","meta":{"om_disable_all_campaigns":false,"_monsterinsights_skip_tracking":false,"_monsterinsights_sitenote_active":false,"_monsterinsights_sitenote_note":"","_monsterinsights_sitenote_category":0,"footnotes":""},"categories":[175,6],"tags":[223],"class_list":["post-63837","post","type-post","status-publish","format-standard","has-post-thumbnail","hentry","category-local","category-sports","tag-puebla"],"amp_enabled":true,"_links":{"self":[{"href":"https:\/\/lahora.mx\/index.php\/wp-json\/wp\/v2\/posts\/63837","targetHints":{"allow":["GET"]}}],"collection":[{"href":"https:\/\/lahora.mx\/index.php\/wp-json\/wp\/v2\/posts"}],"about":[{"href":"https:\/\/lahora.mx\/index.php\/wp-json\/wp\/v2\/types\/post"}],"author":[{"embeddable":true,"href":"https:\/\/lahora.mx\/index.php\/wp-json\/wp\/v2\/users\/4"}],"replies":[{"embeddable":true,"href":"https:\/\/lahora.mx\/index.php\/wp-json\/wp\/v2\/comments?post=63837"}],"version-history":[{"count":1,"href":"https:\/\/lahora.mx\/index.php\/wp-json\/wp\/v2\/posts\/63837\/revisions"}],"predecessor-version":[{"id":63839,"href":"https:\/\/lahora.mx\/index.php\/wp-json\/wp\/v2\/posts\/63837\/revisions\/63839"}],"wp:featuredmedia":[{"embeddable":true,"href":"https:\/\/lahora.mx\/index.php\/wp-json\/wp\/v2\/media\/63838"}],"wp:attachment":[{"href":"https:\/\/lahora.mx\/index.php\/wp-json\/wp\/v2\/media?parent=63837"}],"wp:term":[{"taxonomy":"category","embeddable":true,"href":"https:\/\/lahora.mx\/index.php\/wp-json\/wp\/v2\/categories?post=63837"},{"taxonomy":"post_tag","embeddable":true,"href":"https:\/\/lahora.mx\/index.php\/wp-json\/wp\/v2\/tags?post=63837"}],"curies":[{"name":"wp","href":"https:\/\/api.w.org\/{rel}","templated":true}]}}