{"id":63809,"date":"2025-06-17T00:16:56","date_gmt":"2025-06-17T00:16:56","guid":{"rendered":"https:\/\/lahora.mx\/?p=63809"},"modified":"2025-06-17T00:16:56","modified_gmt":"2025-06-17T00:16:56","slug":"se-confirma-reunion-de-la-presidenta-sheinbaum-con-trump-en-la-cumbre-g7-en-canada","status":"publish","type":"post","link":"https:\/\/lahora.mx\/index.php\/2025\/06\/17\/se-confirma-reunion-de-la-presidenta-sheinbaum-con-trump-en-la-cumbre-g7-en-canada\/","title":{"rendered":"Se confirma reuni\u00f3n de la presidenta Sheinbaum con Trump en la Cumbre G7 en Canad\u00e1"},"content":{"rendered":"\n<p>La reuni\u00f3n con el mandatario estadounidense, Donald Trump, est\u00e1 programada para este martes a las 15:40 horas en la Cumbre del Grupo de los Siete (G7) en Canad\u00e1 y ser\u00e1 el primer encuentro formal que tendr\u00e1 con la presidenta de M\u00e9xico, Claudia Sheinbaum.<\/p>\n\n\n\n<p>En la reuni\u00f3n se espera que aborden temas prioritarios como el Tratado de Libre Comercio (T-MEC), la imposici\u00f3n de aranceles, la crisis migratoria, las redadas contra mexicanos en Estados Unidos, as\u00ed como el combate al narcotr\u00e1fico con \u00e9nfasis en el tr\u00e1fico de fentanilo.<\/p>\n\n\n\n<p>Claudia Sheinbaum lleg\u00f3 acompa\u00f1ada de su gabinete, entre ellos el secretario de Relaciones Exteriores, Juan Ram\u00f3n de la Fuente; el secretario de Econom\u00eda, Marcelo Ebrard; el secretario de Seguridad, Omar Garc\u00eda Harfuch y el secretario de Hacienda, Edgar Amador.<\/p>\n\n\n\n<p>La presidenta tambi\u00e9n tiene agendadas reuniones con el Consejo Empresarial de Canad\u00e1 y con l\u00edderes europeos como \u00darsula Von der Leyen y Ant\u00f3nio Costa.<\/p>\n\n\n\n<p>Sheinbaum rumbo al G7 en vuelo comercial<br>Este lunes se llev\u00f3 a cabo la reuni\u00f3n de los mandatarios de la Cumbre del G7 donde la presidenta de M\u00e9xico, se reunir\u00e1 con l\u00edderes de las principales econom\u00edas del mundo en un momento marcado por conflictos internacionales y tensiones comerciales con Estados Unidos.<\/p>\n\n\n\n<p>La mandataria parti\u00f3 hoy en la ma\u00f1ana desde la Ciudad de M\u00e9xico (CDMX) en un vuelo comercial con rumbo al complejo tur\u00edstico de Kananaskis Village, en Calgary, donde se llevar\u00e1 a cabo la cumbre encabezada por el primer ministro canadiense Mark Carney.<\/p>\n\n\n\n<p>En la reuni\u00f3n, Claudia Sheinbaum, sostendr\u00e1 encuentros multilaterales y bilaterales con figuras clave como el presidente de Estados Unidos, Donald Trump, el premier de India, Narendra Modi, y autoridades de la Uni\u00f3n Europea.<\/p>\n\n\n\n<p>La reuni\u00f3n de este lunes con el sector privado canadiense, liderado por el ejecutivo empresarial canadiense, Goldy Hyder, buscar\u00e1 atraer inversiones hacia M\u00e9xico y reforzar los v\u00ednculos entre los sectores p\u00fablicos y privados de ambos pa\u00edses, especialmente en sectores estrat\u00e9gicos como energ\u00eda, infraestructura y tecnolog\u00eda.<\/p>\n\n\n\n<p>\u201cSalimos de la Ciudad de M\u00e9xico a la Cumbre de L\u00edderes del G7 en Canad\u00e1\u201d, public\u00f3 la mandataria en la red social X.<\/p>\n\n\n\n<p>\u00bfQu\u00e9 pa\u00edses conforman la Cumbre G7?<\/p>\n\n\n\n<p>A pesar de su car\u00e1cter de pa\u00eds invitado \u2014junto con Brasil, Ucrania, India, Sud\u00e1frica, Australia y Corea del Sur\u2014, la participaci\u00f3n de M\u00e9xico en el G7 adquiere una dimensi\u00f3n geopol\u00edtica significativa, en momentos en que Washington redobla presiones en la regi\u00f3n y la migraci\u00f3n se coloca nuevamente como un tema central en la agenda bilateral.<\/p>\n\n\n\n<p>La cumbre del G7, se encuentra conformado por Alemania, Canad\u00e1, Estados Unidos, Francia, Italia, Jap\u00f3n y Reino Unido, se lleva a cabo del 15 al 17 de junio y las decisiones que surjan de este encuentro podr\u00edan tener repercusiones directas en la estabilidad econ\u00f3mica global.<\/p>\n","protected":false},"excerpt":{"rendered":"<p>La reuni\u00f3n con el mandatario estadounidense, Donald Trump, est\u00e1 programada para este martes a las 15:40 horas en la Cumbre del Grupo de los Siete (G7) en Canad\u00e1 y ser\u00e1 el primer encuentro formal que tendr\u00e1 con la presidenta de M\u00e9xico, Claudia Sheinbaum. En la reuni\u00f3n se espera que aborden temas prioritarios como el Tratado [&hellip;]<\/p>\n","protected":false},"author":4,"featured_media":63810,"comment_status":"open","ping_status":"open","sticky":false,"template":"","format":"standard","meta":{"om_disable_all_campaigns":false,"_monsterinsights_skip_tracking":false,"_monsterinsights_sitenote_active":false,"_monsterinsights_sitenote_note":"","_monsterinsights_sitenote_category":0,"footnotes":""},"categories":[176],"tags":[],"class_list":["post-63809","post","type-post","status-publish","format-standard","has-post-thumbnail","hentry","category-nacional"],"amp_enabled":true,"_links":{"self":[{"href":"https:\/\/lahora.mx\/index.php\/wp-json\/wp\/v2\/posts\/63809","targetHints":{"allow":["GET"]}}],"collection":[{"href":"https:\/\/lahora.mx\/index.php\/wp-json\/wp\/v2\/posts"}],"about":[{"href":"https:\/\/lahora.mx\/index.php\/wp-json\/wp\/v2\/types\/post"}],"author":[{"embeddable":true,"href":"https:\/\/lahora.mx\/index.php\/wp-json\/wp\/v2\/users\/4"}],"replies":[{"embeddable":true,"href":"https:\/\/lahora.mx\/index.php\/wp-json\/wp\/v2\/comments?post=63809"}],"version-history":[{"count":1,"href":"https:\/\/lahora.mx\/index.php\/wp-json\/wp\/v2\/posts\/63809\/revisions"}],"predecessor-version":[{"id":63811,"href":"https:\/\/lahora.mx\/index.php\/wp-json\/wp\/v2\/posts\/63809\/revisions\/63811"}],"wp:featuredmedia":[{"embeddable":true,"href":"https:\/\/lahora.mx\/index.php\/wp-json\/wp\/v2\/media\/63810"}],"wp:attachment":[{"href":"https:\/\/lahora.mx\/index.php\/wp-json\/wp\/v2\/media?parent=63809"}],"wp:term":[{"taxonomy":"category","embeddable":true,"href":"https:\/\/lahora.mx\/index.php\/wp-json\/wp\/v2\/categories?post=63809"},{"taxonomy":"post_tag","embeddable":true,"href":"https:\/\/lahora.mx\/index.php\/wp-json\/wp\/v2\/tags?post=63809"}],"curies":[{"name":"wp","href":"https:\/\/api.w.org\/{rel}","templated":true}]}}