{"id":63806,"date":"2025-06-17T00:05:47","date_gmt":"2025-06-17T00:05:47","guid":{"rendered":"https:\/\/lahora.mx\/?p=63806"},"modified":"2025-06-17T00:05:47","modified_gmt":"2025-06-17T00:05:47","slug":"armenta-se-desmarca-de-ciberasedio-me-voy-a-cuetzalan-se-queda-samuel","status":"publish","type":"post","link":"https:\/\/lahora.mx\/index.php\/2025\/06\/17\/armenta-se-desmarca-de-ciberasedio-me-voy-a-cuetzalan-se-queda-samuel\/","title":{"rendered":"Armenta se desmarca de ciberasedio: me voy a Cuetzalan, se queda Samuel"},"content":{"rendered":"\n<p>Inusual, as\u00ed fue la conferencia matutina del gobernador Alejandro Armenta este lunes. En medio de la pol\u00e9mica por la Ley de Ciberasedio, el mandatario se tom\u00f3 10 minutos previo al evento para saludar de mano a cada uno de los reporteros, camar\u00f3grafos y trabajadores de los medios presentes. Poco despu\u00e9s, y sin declarar nada sobre el tema, parti\u00f3 a Cuetzalan, encarg\u00e1ndole a su secretario de Gobernaci\u00f3n aclarar cualquier duda.<\/p>\n\n\n\n<p>Eran las 8:30 horas cuando el mandatario se acerc\u00f3 a los camar\u00f3grafos, fot\u00f3grafos y reporteros reunidos en el sal\u00f3n Juan N. M\u00e9ndez del Centro Integral de Servicios (CIS) de Angel\u00f3polis, donde se han realizado la mayor\u00eda de las ruedas de prensa durante la actual administraci\u00f3n.<\/p>\n\n\n\n<p>Se trat\u00f3 de un gesto inusual, puesto que en la din\u00e1mica de estas conferencias el gobernador s\u00f3lo acostumbra saludar a los integrantes de su gabinete y dem\u00e1s invitados, ubicados en el lado izquierdo de la mesa.<\/p>\n\n\n\n<p>En cambio, en esta oportunidad salud\u00f3 individualmente a los representantes de los medios, estrech\u00f3 su mano, y en lo que fue interpretado como un gesto de amabilidad, les pregunt\u00f3 c\u00f3mo los trata su personal y los encargados del \u00e1rea de Comunicaci\u00f3n del gobierno estatal.<\/p>\n\n\n\n<p>Mientras saludaba, su equipo de prensa realiz\u00f3 fotograf\u00edas del encuentro, mismas que fueron publicadas en las redes sociales del gobierno estatal horas m\u00e1s tarde.<\/p>\n\n\n\n<p>Tras 10 minutos de recorrido, a las 8:40 dio inicio la conferencia, con temas que el gobernador considera prioritarios, como la participaci\u00f3n de Puebla en los Juegos Deportivos, de la cual dio cuenta la titular de Deporte y Juventud, Gabriela S\u00e1nchez.<\/p>\n\n\n\n<p>Por su parte, la secretaria de Agricultura y Desarrollo Rural estatal, Ana Laura Altamirano, tuvo oportunidad de presentar uno de los productos de la marca Cinco de Mayo, el drip coffee, e incluso hizo una demostraci\u00f3n de su preparaci\u00f3n para que el gobernador Armenta pudiera probarlo.<\/p>\n\n\n\n<p>Gobernador habla\u2026 pero sobre hospital y cupo en universidades<br>Al llegar el momento de las preguntas y respuestas, el titular del Ejecutivo estuvo presente para dos rondas de tres reporteros cada una. Ofreci\u00f3 declaraciones sobre temas como el cambio de nombre del Hospital del Ni\u00f1o Poblano y la falta de cupos para estudiantes de Medicina en las universidades.<\/p>\n\n\n\n<p>Justo antes de arrancar la tercera y \u00faltima ronda de preguntas, tal como es habitual en estas conferencias, anunci\u00f3 que se retirar\u00eda de la sala, alrededor de las 9:40 horas.<\/p>\n\n\n\n<p>\u201cMuchas gracias, Jos\u00e9 Luis. Voy a Cuetzalan, pero se queda Samuel a desahogar todav\u00eda las preguntas y el equipo, por favor. Adelante, voy a Cuetzalan\u201d, inform\u00f3 Armenta para sorpresa de los presentes y procedi\u00f3 a retirarse del sal\u00f3n junto con un grupo de funcionarios.<\/p>\n\n\n\n<p>Tras esto, uno de los integrantes del \u00e1rea de Comunicaci\u00f3n, a cargo de la conducci\u00f3n de la conferencia, confirm\u00f3 la salida del mandatario, e indic\u00f3 que \u201cnosotros seguimos, tenemos todav\u00eda una ronda m\u00e1s de dos preguntas para responder. As\u00ed es que no se vayan, compa\u00f1eros de los medios de comunicaci\u00f3n.\u201d<\/p>\n\n\n\n<p>De igual modo, dio a conocer que al terminar la rueda de prensa se compartir\u00eda a integrantes de la prensa algunas muestras del caf\u00e9 soluble Cinco de Mayo, \u201cpara que tambi\u00e9n ustedes lo prueben y nos den la palomita\u201d.<\/p>\n\n\n\n<p>Los cuestionamientos por la Ley de Ciberasedio<br>Realizados estos anuncios, que tomaron por sorpresa a los presentes, dio inicio la tercera ronda de preguntas. Un reportero se dirigi\u00f3 al titular de Gobernaci\u00f3n, Samuel Aguilar Pala, para hacerle una pregunta sobre un tema que el mandatario estatal no mencion\u00f3 durante toda la hora que dur\u00f3 la rueda de prensa: la Ley de Ciberasedio.<\/p>\n\n\n\n<p>Apenas un d\u00eda antes el mandatario hab\u00eda anunciado que solicitar\u00eda al Congreso estatal la realizaci\u00f3n de foros con distintos sectores sociales para analizar la pol\u00e9mica legislaci\u00f3n, a pesar de que esta ya fue aprobada y publicada en el Peri\u00f3dico Oficial del Estado (POE).<\/p>\n\n\n\n<p>\u00abLe solicito respetuosamente a Laura Artemisa Garc\u00eda Ch\u00e1vez, presidenta en la Junta de Gobierno y Coordinaci\u00f3n Pol\u00edtica del Congreso del Estado y los integrantes de la LXII Legislatura establecer foros en coordinaci\u00f3n con la Comisi\u00f3n Estatal de Derechos Humanos, periodistas, asociaciones de padres de familia, organismos de derechos humanos y colegio de abogados\u00bb, poste\u00f3 el gobernador en sus redes sociales.<\/p>\n\n\n\n<p>El anuncio gener\u00f3 la respuesta inmediata de la diputada Laura Artemisa Garc\u00eda Ch\u00e1vez, quien acept\u00f3 la propuesta, generando repercusi\u00f3n en medios de comunicaci\u00f3n a nivel nacional, que retomaron el contenido de la ley que penalizar\u00e1 diversas conductas en redes sociales.<\/p>\n\n\n\n<p>Sin embargo, el mandatario no expres\u00f3 opini\u00f3n alguna el d\u00eda de hoy sobre este tema, y justo tras su salida, un reportero consult\u00f3 al secretario de Gobernaci\u00f3n estatal sobre \u201csu opini\u00f3n acerca de toda esta pol\u00e9mica que se gener\u00f3 este fin de semana sobre la ley de ciberseguridad o el ciberasedio que se present\u00f3 y que se aval\u00f3 en el Congreso (\u2026) saber, \u00bfqu\u00e9 es lo que se pretende ahora hacer a trav\u00e9s de estos foros o parlamento abierto que se pronunci\u00f3? Gracias.\u201d<\/p>\n\n\n\n<p>La respuesta a su pregunta vino por parte del coordinador de gabinete e impulsor de la iniciativa, Jos\u00e9 Luis Garc\u00eda Parra, quien defendi\u00f3 la propuesta al se\u00f1alar que castigar\u00e1 conductas tales como la usurpaci\u00f3n de identidad, contactar a ni\u00f1os y ni\u00f1as con fines sexuales, el espionaje y el ciberasedio.<\/p>\n\n\n\n<p>Sobre el exhorto que hizo el mandatario Alejandro Armenta al Congreso local para que lleven a cabo una serie de foros y an\u00e1lisis sobre la normativa que ya fue aprobada y publicada, Garc\u00eda Parra explic\u00f3 cu\u00e1l ser\u00e1 el objetivo de estos debates.<\/p>\n\n\n\n<p>\u201cEl objetivo de estos foros es dar claridad y precisar los objetivos y alcances de esta nueva ley, van a participar todas y todos quienes as\u00ed lo soliciten\u201d, se\u00f1al\u00f3 el funcionario, quien no aclar\u00f3 si se va a contemplar reformar el texto.<\/p>\n\n\n\n<p>Garc\u00eda Parra indic\u00f3 que los diputados tienen toda la disposici\u00f3n de realizar este ejercicio, en tanto que por parte del gobierno estatal, expres\u00f3 que les corresponde estar atentos al resultado y garantizar la libertad de expresi\u00f3n.<\/p>\n","protected":false},"excerpt":{"rendered":"<p>Inusual, as\u00ed fue la conferencia matutina del gobernador Alejandro Armenta este lunes. En medio de la pol\u00e9mica por la Ley de Ciberasedio, el mandatario se tom\u00f3 10 minutos previo al evento para saludar de mano a cada uno de los reporteros, camar\u00f3grafos y trabajadores de los medios presentes. Poco despu\u00e9s, y sin declarar nada sobre [&hellip;]<\/p>\n","protected":false},"author":4,"featured_media":63807,"comment_status":"open","ping_status":"open","sticky":false,"template":"","format":"standard","meta":{"om_disable_all_campaigns":false,"_monsterinsights_skip_tracking":false,"_monsterinsights_sitenote_active":false,"_monsterinsights_sitenote_note":"","_monsterinsights_sitenote_category":0,"footnotes":""},"categories":[175],"tags":[239,223],"class_list":["post-63806","post","type-post","status-publish","format-standard","has-post-thumbnail","hentry","category-local","tag-gobierno","tag-puebla"],"amp_enabled":true,"_links":{"self":[{"href":"https:\/\/lahora.mx\/index.php\/wp-json\/wp\/v2\/posts\/63806","targetHints":{"allow":["GET"]}}],"collection":[{"href":"https:\/\/lahora.mx\/index.php\/wp-json\/wp\/v2\/posts"}],"about":[{"href":"https:\/\/lahora.mx\/index.php\/wp-json\/wp\/v2\/types\/post"}],"author":[{"embeddable":true,"href":"https:\/\/lahora.mx\/index.php\/wp-json\/wp\/v2\/users\/4"}],"replies":[{"embeddable":true,"href":"https:\/\/lahora.mx\/index.php\/wp-json\/wp\/v2\/comments?post=63806"}],"version-history":[{"count":1,"href":"https:\/\/lahora.mx\/index.php\/wp-json\/wp\/v2\/posts\/63806\/revisions"}],"predecessor-version":[{"id":63808,"href":"https:\/\/lahora.mx\/index.php\/wp-json\/wp\/v2\/posts\/63806\/revisions\/63808"}],"wp:featuredmedia":[{"embeddable":true,"href":"https:\/\/lahora.mx\/index.php\/wp-json\/wp\/v2\/media\/63807"}],"wp:attachment":[{"href":"https:\/\/lahora.mx\/index.php\/wp-json\/wp\/v2\/media?parent=63806"}],"wp:term":[{"taxonomy":"category","embeddable":true,"href":"https:\/\/lahora.mx\/index.php\/wp-json\/wp\/v2\/categories?post=63806"},{"taxonomy":"post_tag","embeddable":true,"href":"https:\/\/lahora.mx\/index.php\/wp-json\/wp\/v2\/tags?post=63806"}],"curies":[{"name":"wp","href":"https:\/\/api.w.org\/{rel}","templated":true}]}}