{"id":63803,"date":"2025-06-17T00:04:09","date_gmt":"2025-06-17T00:04:09","guid":{"rendered":"https:\/\/lahora.mx\/?p=63803"},"modified":"2025-06-17T00:04:10","modified_gmt":"2025-06-17T00:04:10","slug":"dejan-cartulina-con-amenaza-de-muerte-para-simitrio","status":"publish","type":"post","link":"https:\/\/lahora.mx\/index.php\/2025\/06\/17\/dejan-cartulina-con-amenaza-de-muerte-para-simitrio\/","title":{"rendered":"Dejan cartulina con amenaza de muerte para Simitrio"},"content":{"rendered":"\n<p>A cinco d\u00edas de la agresi\u00f3n que caus\u00f3 la muerte de N\u00e9stor Jes\u00fas Gardu\u00f1o, quien era coordinador de la Uni\u00f3n Popular de Vendedores Ambulantes (UPVA) 28 de Octubre, fue hallado un mensaje amenazante dirigido al consejero de la organizaci\u00f3n de comerciantes y a sujetos relacionados con el narcomenudeo.<\/p>\n\n\n\n<p>Al lado del cuerpo de un hombre, asesinado con un objeto punzocortante, fue hallado una cartulina con un aviso intimidatorio para Rub\u00e9n Sarabia, \u2018Simitrio\u2019, fundador de la UPVA 28 de Octubre, en la calle 76 Poniente en la colonia La Loma.<\/p>\n\n\n\n<p>El mensaje, que est\u00e1 firmado con las iniciales F.M., tambi\u00e9n inclu\u00eda los apodos de \u2018Chup\u00f3n\u2019, \u2018Chiapas\u2019 y \u2018La Viky\u2019, quienes han sido se\u00f1alados como narcomenudistas.<\/p>\n\n\n\n<p>\u201cEsto me paso por andar cobrando piso a gente trabajadora del mercado Hidalgo y los de la 14 Uni\u00f3n. Se alinean a la buena o por la mala, voy por ustedes (\u2026)\u201d, dec\u00eda la cartulina.<\/p>\n\n\n\n<p>De acuerdo con fuentes policiales, una disputa entre integrantes de la banda de \u2018El Chup\u00f3n\u2019 y \u2018Los Toscano\u2019 ocasion\u00f3 el ataque en donde dos personas fallecieron en el tianguis de Los Lavaderos.<\/p>\n\n\n\n<p>Balean a coordinador de la 28 de Octubre<\/p>\n\n\n\n<p>Mientras conduc\u00eda una camioneta, el coordinador de la UPVA 28 de Octubre, N\u00e9stor Jes\u00fas Gardu\u00f1o, fue baleado en la calle 22-B Oriente en la colonia Valle Dorado, agresi\u00f3n que ocurri\u00f3 la noche del 10 de junio.<\/p>\n\n\n\n<p>Al siguiente d\u00eda, mientras recib\u00eda atenci\u00f3n m\u00e9dica, el coordinador de la UPVA 28 de Octubre perdi\u00f3 la vida. Por el homicidio, las autoridades no han reportado detenidos.<\/p>\n\n\n\n<p>Mediante un comunicado, la organizaci\u00f3n de comerciantes conden\u00f3 los hechos y manifest\u00f3 que est\u00e1n siendo criminalizados por el gobierno del Estado.<\/p>\n\n\n\n<p>\u201cEsperamos que este atentado no sea parte de la ofensiva que el gobierno estatal est\u00e1 lanzando para destruir a nuestra organizaci\u00f3n como instrumento de lucha del pueblo\u201d, indic\u00f3 la organizaci\u00f3n de comerciantes.<\/p>\n","protected":false},"excerpt":{"rendered":"<p>A cinco d\u00edas de la agresi\u00f3n que caus\u00f3 la muerte de N\u00e9stor Jes\u00fas Gardu\u00f1o, quien era coordinador de la Uni\u00f3n Popular de Vendedores Ambulantes (UPVA) 28 de Octubre, fue hallado un mensaje amenazante dirigido al consejero de la organizaci\u00f3n de comerciantes y a sujetos relacionados con el narcomenudeo. Al lado del cuerpo de un hombre, [&hellip;]<\/p>\n","protected":false},"author":4,"featured_media":63804,"comment_status":"open","ping_status":"open","sticky":false,"template":"","format":"standard","meta":{"om_disable_all_campaigns":false,"_monsterinsights_skip_tracking":false,"_monsterinsights_sitenote_active":false,"_monsterinsights_sitenote_note":"","_monsterinsights_sitenote_category":0,"footnotes":""},"categories":[175,226],"tags":[223],"class_list":["post-63803","post","type-post","status-publish","format-standard","has-post-thumbnail","hentry","category-local","category-policia","tag-puebla"],"amp_enabled":true,"_links":{"self":[{"href":"https:\/\/lahora.mx\/index.php\/wp-json\/wp\/v2\/posts\/63803","targetHints":{"allow":["GET"]}}],"collection":[{"href":"https:\/\/lahora.mx\/index.php\/wp-json\/wp\/v2\/posts"}],"about":[{"href":"https:\/\/lahora.mx\/index.php\/wp-json\/wp\/v2\/types\/post"}],"author":[{"embeddable":true,"href":"https:\/\/lahora.mx\/index.php\/wp-json\/wp\/v2\/users\/4"}],"replies":[{"embeddable":true,"href":"https:\/\/lahora.mx\/index.php\/wp-json\/wp\/v2\/comments?post=63803"}],"version-history":[{"count":1,"href":"https:\/\/lahora.mx\/index.php\/wp-json\/wp\/v2\/posts\/63803\/revisions"}],"predecessor-version":[{"id":63805,"href":"https:\/\/lahora.mx\/index.php\/wp-json\/wp\/v2\/posts\/63803\/revisions\/63805"}],"wp:featuredmedia":[{"embeddable":true,"href":"https:\/\/lahora.mx\/index.php\/wp-json\/wp\/v2\/media\/63804"}],"wp:attachment":[{"href":"https:\/\/lahora.mx\/index.php\/wp-json\/wp\/v2\/media?parent=63803"}],"wp:term":[{"taxonomy":"category","embeddable":true,"href":"https:\/\/lahora.mx\/index.php\/wp-json\/wp\/v2\/categories?post=63803"},{"taxonomy":"post_tag","embeddable":true,"href":"https:\/\/lahora.mx\/index.php\/wp-json\/wp\/v2\/tags?post=63803"}],"curies":[{"name":"wp","href":"https:\/\/api.w.org\/{rel}","templated":true}]}}