{"id":63791,"date":"2025-06-16T15:42:26","date_gmt":"2025-06-16T15:42:26","guid":{"rendered":"https:\/\/lahora.mx\/?p=63791"},"modified":"2025-06-16T15:42:26","modified_gmt":"2025-06-16T15:42:26","slug":"iran-e-israel-una-escalada-del-conflicto-y-sus-implicaciones-globales","status":"publish","type":"post","link":"https:\/\/lahora.mx\/index.php\/2025\/06\/16\/iran-e-israel-una-escalada-del-conflicto-y-sus-implicaciones-globales\/","title":{"rendered":"Ir\u00e1n e Israel, una escalada del conflicto y sus implicaciones globales"},"content":{"rendered":"\n<p>En junio de 2025, la confrontaci\u00f3n entre Ir\u00e1n e Israel alcanz\u00f3 una fase sin precedentes. Con ataques directos entre ambos pa\u00edses, v\u00edctimas civiles en centros urbanos, advertencias de guerra y llamados internacionales a la contenci\u00f3n, el conflicto ha reconfigurado el tablero geopol\u00edtico regional y ha generado preocupaci\u00f3n a escala global. En este contexto, cuatro acad\u00e9micos de la UNAM analizan las causas estructurales, los efectos inmediatos y los posibles escenarios que se abren a partir de esta escalada.<br><br>Desde distintas disciplinas -estudios internacionales, derecho, ciencia pol\u00edtica y sociolog\u00eda- los expertos coinciden en que el intercambio b\u00e9lico actual no es un episodio aislado. Se trata, afirman, de la expresi\u00f3n m\u00e1s visible de un reacomodo regional de poder y de la fragilidad del orden internacional en un momento de transformaciones profundas.<\/p>\n\n\n\n<p>Una ofensiva sin precedentes<\/p>\n\n\n\n<p>El viernes 13 de junio, Israel lanz\u00f3 la operaci\u00f3n \u201cLe\u00f3n Naciente\u201d, una serie de bombardeos sobre objetivos estrat\u00e9gicos en Ir\u00e1n, incluyendo zonas cient\u00edficas y urbanas. Como respuesta, Ir\u00e1n dispar\u00f3 decenas de misiles y drones contra el territorio israel\u00ed. En los d\u00edas siguientes, nuevos ataques israel\u00edes alcanzaron infraestructura energ\u00e9tica, dep\u00f3sitos de combustible y centros de comando militar en Teher\u00e1n y otras ciudades.<\/p>\n\n\n\n<p>Seg\u00fan reportes de medios internacionales, los enfrentamientos han dejado decenas de muertos y cientos de heridos en ambos pa\u00edses. Estados Unidos y la Uni\u00f3n Europea han instado a la contenci\u00f3n, mientras que Rusia y China han condenado los bombardeos israel\u00edes.<\/p>\n\n\n\n<p>Liderazgo regional y choque de visiones<\/p>\n\n\n\n<p>El doctor Mois\u00e9s Gardu\u00f1o Garc\u00eda, distinguido experto en Medio Oriente de la Facultad de Ciencias Pol\u00edticas y Sociales, considera que esta ofensiva no responde a un hecho aislado, sino a una pugna por el liderazgo regional: \u201cIr\u00e1n e Israel se enfrentan por la posibilidad de liderar un nuevo orden regional ante el vac\u00edo hegem\u00f3nico que impera en Medio Oriente\u201d, explic\u00f3.<\/p>\n\n\n\n<p>Desde su perspectiva, Israel act\u00faa ilegalmente desde una l\u00f3gica de \u201cguerra preventiva\u201d, muy parecida a la que sigui\u00f3 Estados Unidos cuando invadi\u00f3 Iraq en el 2003. Ir\u00e1n, por su parte, busca mantener el equilibrio de poder controlando el ciclo de enriquecimiento de uranio bajo los par\u00e1metros del Tratado de no Proliferaci\u00f3n Nuclear (TNP). \u201cB\u00e1sicamente lo que vemos es un Estado no firmante del TNP (Israel) atacando a otro Estado que lo firm\u00f3 desde 1968 (Ir\u00e1n)\u201d, se\u00f1al\u00f3 Gardu\u00f1o.<\/p>\n\n\n\n<p>Tambi\u00e9n subray\u00f3 que el ataque israel\u00ed sabote\u00f3 una conferencia internacional promovida por Francia y Arabia Saudita para reconocer al Estado palestino en Naciones Unidas, as\u00ed como las con negociaciones diplom\u00e1ticas entre Ir\u00e1n y Estados Unidos, las cuales iban a llegar a una sexta ronda en Om\u00e1n. La diplomacia, una soluci\u00f3n pol\u00edtica, es la \u00fanica salida a este problema internacional y tienen que activarse mediadores confiables lo m\u00e1s pronto posible.<\/p>\n\n\n\n<p>Escalada controlada y c\u00e1lculo pol\u00edtico<\/p>\n\n\n\n<p>Para la doctora Ira\u00eds Fuentes, tambi\u00e9n de la FCPyS, esta escalada responde a una l\u00f3gica de disuasi\u00f3n simb\u00f3lica: \u201cEsta escalada es un mensaje entre Estados: ninguno quiere realmente una guerra total, pero ambos necesitan demostrar fuerza hacia dentro y hacia fuera\u201d. Advirti\u00f3, sin embargo, que esta din\u00e1mica puede romperse f\u00e1cilmente con un error de c\u00e1lculo o una baja simb\u00f3licamente significativa.<\/p>\n\n\n\n<p>En su an\u00e1lisis, el conflicto actual tambi\u00e9n refleja una mutaci\u00f3n m\u00e1s profunda: el paso de la diplomacia hacia una cultura de seguridad que privilegia la militarizaci\u00f3n. \u201cLa comunidad internacional ha sido permisiva con Israel, y el Consejo de Seguridad est\u00e1 paralizado por el veto de Estados Unidos\u201d, indic\u00f3. \u201cLo que se impone es una l\u00f3gica de castigo ejemplar, y eso pone a los civiles en el centro del da\u00f1o\u201d, a\u00f1adi\u00f3.<\/p>\n\n\n\n<p>Implicaciones jur\u00eddicas y humanitarias<\/p>\n\n\n\n<p>El doctor Juan Manuel Portilla G\u00f3mez, de la FES Acatl\u00e1n, se\u00f1al\u00f3 que los ataques en zonas urbanas violan principios b\u00e1sicos del derecho humanitario. \u201cLa doctrina de leg\u00edtima defensa preventiva, invocada por Israel, no tiene fundamento en el derecho internacional\u201d, afirm\u00f3.<\/p>\n\n\n\n<p>Desde su perspectiva, el uso de armamento de alta letalidad en entornos densamente poblados implica responsabilidades jur\u00eddicas dif\u00edciles de asumir durante un conflicto activo. \u201cEste conflicto muestra c\u00f3mo las \u00e9lites pol\u00edtico-militares de ambos pa\u00edses han secuestrado el poder, manteniendo a sus pueblos como rehenes de decisiones autoritarias y violentas\u201d, advirti\u00f3.<\/p>\n\n\n\n<p>Dimensiones globales<\/p>\n\n\n\n<p>Para el doctor Eduardo Rosales Herrera, tambi\u00e9n de la FES Acatl\u00e1n, esta guerra no puede analizarse sin tomar en cuenta la reconfiguraci\u00f3n del sistema internacional. A su juicio, el conflicto refleja el resurgimiento de bloques geopol\u00edticos enfrentados: Estados Unidos e Israel por un lado; Ir\u00e1n, China y Rusia por el otro. \u201cEs tal el v\u00ednculo entre ambos pa\u00edses que, ir\u00f3nicamente, muchos consideran a Israel como el \u2018estado n\u00famero 51\u2019 de Estados Unidos\u201d, coment\u00f3.<\/p>\n\n\n\n<p>Rosales tambi\u00e9n alert\u00f3 sobre los efectos econ\u00f3micos globales. Un eventual cierre del Estrecho de Ormuz -por donde transita cerca del 20% del petr\u00f3leo mundial- tendr\u00eda consecuencias inmediatas sobre los mercados energ\u00e9ticos y afectar\u00eda particularmente a las econom\u00edas m\u00e1s vulnerables.<\/p>\n\n\n\n<p>Reflejos en Am\u00e9rica Latina<\/p>\n\n\n\n<p>Aunque Am\u00e9rica Latina no participa directamente en este conflicto, podr\u00eda verse implicada diplom\u00e1ticamente. Rosales afirm\u00f3 que M\u00e9xico y otras naciones de la regi\u00f3n podr\u00edan verse presionadas a tomar postura en foros internacionales. \u201cM\u00e9xico ha defendido hist\u00f3ricamente el derecho internacional y la soluci\u00f3n pac\u00edfica de los conflictos, pero en contextos como este mantener la neutralidad se vuelve m\u00e1s dif\u00edcil\u201d, advirti\u00f3.<\/p>\n\n\n\n<p>Portilla a\u00f1adi\u00f3 que la legitimaci\u00f3n de la violencia como herramienta de pol\u00edtica exterior erosiona los esfuerzos por construir una cultura global de paz. \u201cEsto tiene un efecto simb\u00f3lico. Refuerza la idea de que los conflictos no se resuelven con diplomacia, sino con fuego\u201d, dijo.<\/p>\n\n\n\n<p>Desaf\u00edos a la gobernanza global<\/p>\n\n\n\n<p>Los especialistas coincidieron en que este conflicto pone en evidencia la crisis de legitimidad de las instituciones internacionales. \u201cLos mecanismos tradicionales de mediaci\u00f3n est\u00e1n rebasados\u201d, sostuvo Rosales. La doctora Fuentes agreg\u00f3 que la ONU ha sido incapaz de frenar la escalada y que la supuesta neutralidad de los actores internacionales \u201csiempre va en beneficio de Israel\u201d.<\/p>\n\n\n\n<p>A su juicio, la gobernanza global se encuentra atrapada entre la par\u00e1lisis institucional, los intereses geoestrat\u00e9gicos y la instrumentalizaci\u00f3n del derecho. Ante este escenario, los acad\u00e9micos destacaron la importancia de mantener un an\u00e1lisis informado y fortalecer el papel de las universidades como espacios de reflexi\u00f3n cr\u00edtica y propuestas para una cultura de paz internacional.<\/p>\n","protected":false},"excerpt":{"rendered":"<p>En junio de 2025, la confrontaci\u00f3n entre Ir\u00e1n e Israel alcanz\u00f3 una fase sin precedentes. Con ataques directos entre ambos pa\u00edses, v\u00edctimas civiles en centros urbanos, advertencias de guerra y llamados internacionales a la contenci\u00f3n, el conflicto ha reconfigurado el tablero geopol\u00edtico regional y ha generado preocupaci\u00f3n a escala global. En este contexto, cuatro acad\u00e9micos [&hellip;]<\/p>\n","protected":false},"author":4,"featured_media":63792,"comment_status":"open","ping_status":"open","sticky":false,"template":"","format":"standard","meta":{"om_disable_all_campaigns":false,"_monsterinsights_skip_tracking":false,"_monsterinsights_sitenote_active":false,"_monsterinsights_sitenote_note":"","_monsterinsights_sitenote_category":0,"footnotes":""},"categories":[183],"tags":[],"class_list":["post-63791","post","type-post","status-publish","format-standard","has-post-thumbnail","hentry","category-internacional"],"amp_enabled":true,"_links":{"self":[{"href":"https:\/\/lahora.mx\/index.php\/wp-json\/wp\/v2\/posts\/63791","targetHints":{"allow":["GET"]}}],"collection":[{"href":"https:\/\/lahora.mx\/index.php\/wp-json\/wp\/v2\/posts"}],"about":[{"href":"https:\/\/lahora.mx\/index.php\/wp-json\/wp\/v2\/types\/post"}],"author":[{"embeddable":true,"href":"https:\/\/lahora.mx\/index.php\/wp-json\/wp\/v2\/users\/4"}],"replies":[{"embeddable":true,"href":"https:\/\/lahora.mx\/index.php\/wp-json\/wp\/v2\/comments?post=63791"}],"version-history":[{"count":1,"href":"https:\/\/lahora.mx\/index.php\/wp-json\/wp\/v2\/posts\/63791\/revisions"}],"predecessor-version":[{"id":63793,"href":"https:\/\/lahora.mx\/index.php\/wp-json\/wp\/v2\/posts\/63791\/revisions\/63793"}],"wp:featuredmedia":[{"embeddable":true,"href":"https:\/\/lahora.mx\/index.php\/wp-json\/wp\/v2\/media\/63792"}],"wp:attachment":[{"href":"https:\/\/lahora.mx\/index.php\/wp-json\/wp\/v2\/media?parent=63791"}],"wp:term":[{"taxonomy":"category","embeddable":true,"href":"https:\/\/lahora.mx\/index.php\/wp-json\/wp\/v2\/categories?post=63791"},{"taxonomy":"post_tag","embeddable":true,"href":"https:\/\/lahora.mx\/index.php\/wp-json\/wp\/v2\/tags?post=63791"}],"curies":[{"name":"wp","href":"https:\/\/api.w.org\/{rel}","templated":true}]}}