{"id":63782,"date":"2025-06-16T15:33:43","date_gmt":"2025-06-16T15:33:43","guid":{"rendered":"https:\/\/lahora.mx\/?p=63782"},"modified":"2025-06-16T15:33:44","modified_gmt":"2025-06-16T15:33:44","slug":"manolo-herrera-suma-a-monica-rodriguez-en-renovacion-del-pan-municipal","status":"publish","type":"post","link":"https:\/\/lahora.mx\/index.php\/2025\/06\/16\/manolo-herrera-suma-a-monica-rodriguez-en-renovacion-del-pan-municipal\/","title":{"rendered":"Manolo Herrera suma a M\u00f3nica Rodr\u00edguez en renovaci\u00f3n del PAN municipal"},"content":{"rendered":"\n<p>El panista Manolo Herrera Rojas, quien aspira a dirigir el Comit\u00e9 Municipal del PAN en Puebla sum\u00f3 a su equipo a M\u00f3nica Rodr\u00edguez Della Vecchia.<\/p>\n\n\n\n<p>El proceso de renovaci\u00f3n de los comit\u00e9s municipales del PAN en la entidad se realizar\u00e1 en el mes de septiembre, inform\u00f3 el dirigente estatal, Mario Riestra Pi\u00f1a.<\/p>\n\n\n\n<p>Ante ello, ya se han hecho p\u00fablicas las aspiraciones de dos panistas, la exdiputada Guadalupe Leal y el exregidor Manolo Herrera Rojas, quienes buscan ser los sucesores del actual l\u00edder municipal en Puebla, Jes\u00fas Zald\u00edvar.<\/p>\n\n\n\n<p>No obstante, los grupos se comienzan a conformar, ya que Manolo Herrera Rojas sum\u00f3 a M\u00f3nica Rodr\u00edguez Della Vecchia, quien fuentes period\u00edsticas informaron que buscar\u00eda dirigir al PAN en Puebla capital.<br><br>Manolo Herrera a trav\u00e9s de redes sociales hizo p\u00fablico que su compa\u00f1era, M\u00f3nica Rodr\u00edguez Della Vecchia se sum\u00f3 a su equipo pol\u00edtico.<\/p>\n\n\n\n<p>Sin embargo, omiti\u00f3 dar detalles sobre qu\u00e9 cargo o puesto ocupar\u00e1 la exdiputada en su equipo, por lo que se desconoce si ser\u00e1 propuesta como secretaria general del PAN municipal de Puebla.<\/p>\n\n\n\n<p>El PAN en Puebla a\u00fan no hace p\u00fablica la convocatoria para la renovaci\u00f3n de las dirigencias municipales, por lo que se desconoce en qu\u00e9 sentido ir\u00e1 la cuota de g\u00e9nero para el comit\u00e9 de Puebla capital poblana.<\/p>\n","protected":false},"excerpt":{"rendered":"<p>El panista Manolo Herrera Rojas, quien aspira a dirigir el Comit\u00e9 Municipal del PAN en Puebla sum\u00f3 a su equipo a M\u00f3nica Rodr\u00edguez Della Vecchia. El proceso de renovaci\u00f3n de los comit\u00e9s municipales del PAN en la entidad se realizar\u00e1 en el mes de septiembre, inform\u00f3 el dirigente estatal, Mario Riestra Pi\u00f1a. Ante ello, ya [&hellip;]<\/p>\n","protected":false},"author":4,"featured_media":63783,"comment_status":"open","ping_status":"open","sticky":false,"template":"","format":"standard","meta":{"om_disable_all_campaigns":false,"_monsterinsights_skip_tracking":false,"_monsterinsights_sitenote_active":false,"_monsterinsights_sitenote_note":"","_monsterinsights_sitenote_category":0,"footnotes":""},"categories":[175,5],"tags":[223],"class_list":["post-63782","post","type-post","status-publish","format-standard","has-post-thumbnail","hentry","category-local","category-politica","tag-puebla"],"amp_enabled":true,"_links":{"self":[{"href":"https:\/\/lahora.mx\/index.php\/wp-json\/wp\/v2\/posts\/63782","targetHints":{"allow":["GET"]}}],"collection":[{"href":"https:\/\/lahora.mx\/index.php\/wp-json\/wp\/v2\/posts"}],"about":[{"href":"https:\/\/lahora.mx\/index.php\/wp-json\/wp\/v2\/types\/post"}],"author":[{"embeddable":true,"href":"https:\/\/lahora.mx\/index.php\/wp-json\/wp\/v2\/users\/4"}],"replies":[{"embeddable":true,"href":"https:\/\/lahora.mx\/index.php\/wp-json\/wp\/v2\/comments?post=63782"}],"version-history":[{"count":1,"href":"https:\/\/lahora.mx\/index.php\/wp-json\/wp\/v2\/posts\/63782\/revisions"}],"predecessor-version":[{"id":63784,"href":"https:\/\/lahora.mx\/index.php\/wp-json\/wp\/v2\/posts\/63782\/revisions\/63784"}],"wp:featuredmedia":[{"embeddable":true,"href":"https:\/\/lahora.mx\/index.php\/wp-json\/wp\/v2\/media\/63783"}],"wp:attachment":[{"href":"https:\/\/lahora.mx\/index.php\/wp-json\/wp\/v2\/media?parent=63782"}],"wp:term":[{"taxonomy":"category","embeddable":true,"href":"https:\/\/lahora.mx\/index.php\/wp-json\/wp\/v2\/categories?post=63782"},{"taxonomy":"post_tag","embeddable":true,"href":"https:\/\/lahora.mx\/index.php\/wp-json\/wp\/v2\/tags?post=63782"}],"curies":[{"name":"wp","href":"https:\/\/api.w.org\/{rel}","templated":true}]}}