{"id":63779,"date":"2025-06-16T15:18:47","date_gmt":"2025-06-16T15:18:47","guid":{"rendered":"https:\/\/lahora.mx\/?p=63779"},"modified":"2025-06-16T15:18:48","modified_gmt":"2025-06-16T15:18:48","slug":"expolicias-federales-van-como-mercenarios-a-ucrania","status":"publish","type":"post","link":"https:\/\/lahora.mx\/index.php\/2025\/06\/16\/expolicias-federales-van-como-mercenarios-a-ucrania\/","title":{"rendered":"Expolic\u00edas Federales van como mercenarios a Ucrania"},"content":{"rendered":"\n<p>Despu\u00e9s de que el expresidente Andr\u00e9s Manuel L\u00f3pez Obrador desapareci\u00f3 a la Polic\u00eda Federal, exintegrantes de esta corporaci\u00f3n decidieron enrolarse como mercenarios en la guerra entre Ucrania y Rusia, que ya lleva m\u00e1s de tres a\u00f1os.<\/p>\n\n\n\n<p>Al menos 18 elementos de la extinta Divisi\u00f3n de Fuerzas Federales combaten actualmente como miembros de la Legi\u00f3n Internacional de Defensa Territorial de Ucrania \u2014tambi\u00e9n conocida como Legi\u00f3n Extranjera\u2014, y 35 esperan luz verde para trasladarse a ese pa\u00eds, que intenta contener la expansi\u00f3n rusa en su territorio.<\/p>\n\n\n\n<p>Dos efectivos, un exguardia nacional y Mario Alberto Lover Mart\u00ednez, quien fuera l\u00edder del movimiento de expolic\u00edas federales que rechazaron ser transferidos a la Guardia Nacional tras la desaparici\u00f3n de la Polic\u00eda Federal, creada en el sexenio de Felipe Calder\u00f3n, han muerto al momento en el frente, revel\u00f3 Jes\u00fas Adri\u00e1n L\u00f3pez Zamora, dirigente de Polic\u00edas con Dignidad Valor y Justicia.<br><br>Originario de Ixtepec, Oaxaca, Lover Mart\u00ednez muri\u00f3 durante un bombardeo masivo con drones lanzado por fuerzas rusas el 9 de junio en varias ciudades ucranianas.<\/p>\n\n\n\n<p>En entrevista , L\u00f3pez Zamora, tambi\u00e9n expolic\u00eda federal, precis\u00f3 que su amigo permaneci\u00f3 ocho meses como mercenario en Ucrania, asignado en la Legi\u00f3n Extranjera, que realiza distintas misiones, entre ellas el combate en la primera l\u00ednea de fuego.<\/p>\n\n\n\n<p>\u201c\u00c9l se fue a Estados Unidos, donde estuvo en el grupo Delta [del Pent\u00e1gono]; de ah\u00ed lo mandaron para Ucrania, falleci\u00f3 el 9 de junio en un bombardeo masivo con drones, en el que se reportaron mil 200 muertos, pero como est\u00e1n en guerra no pueden entrar a recuperar los cuerpos\u201d, indic\u00f3 L\u00f3pez Zamora.<\/p>\n\n\n\n<p><br>Refiri\u00f3 que un comandante colombiano del cuerpo internacional, de nombre Dante, notific\u00f3 el deceso de Lover Mart\u00ednez a sus familiares, quienes piden ayuda a la Secretar\u00eda de Relaciones Exteriores para recuperar sus restos.<\/p>\n\n\n\n<p>L\u00f3pez Zamora lleva un registro de los expolic\u00edas federales desplegados en el conflicto b\u00e9lico, y asegur\u00f3 que todos pertenecieron a la Coordinaci\u00f3n de Reacci\u00f3n y Alerta Inmediata (CRAI) de la extinta Divisi\u00f3n de Fuerzas Federales, con capacitaci\u00f3n en intervenci\u00f3n, operativos en calles, vigilancia y seguridad. \u201cSon los compa\u00f1eros que estuvieron en los enfrentamientos, emboscadas y en el rescate de rehenes. Eran los que anduvieron en las camionetas de la Polic\u00eda Federal en la batea, as\u00ed como andan ahorita los elementos de la Guardia Nacional\u201d, coment\u00f3.<\/p>\n\n\n\n<p>Afirm\u00f3 que sus excompa\u00f1eros desplegados en Ucrania reciben un pago de entre 20 mil y 70 mil pesos mensuales, dependiendo del frente donde est\u00e9n y la labor que realicen dentro del ej\u00e9rcito ucraniano.<\/p>\n\n\n\n<p>Consternado por la muerte de su amigo, con quien dirigi\u00f3 Polic\u00edas con Dignidad, Valor y Justicia entre 2019 y 2020, L\u00f3pez Zamora revel\u00f3 que los expolic\u00edas federales solicitaron a la Embajada de Ucrania en M\u00e9xico unirse como mercenarios en el conflicto con Rusia, por voluntad propia y ante la falta de oportunidades por el estigma de corruptos que les etiquet\u00f3 L\u00f3pez Obrador.<\/p>\n\n\n\n<p>Indic\u00f3 que para enrolarse se presentan en la embajada con una serie de documentos, despu\u00e9s les piden pagar su traslado a\u00e9reo a Ucrania, y una vez all\u00e1 se les hace un reembolso y un contrato de un a\u00f1o, con seguro de vida, el cual pueden rescindir en el momento que lo deseen.<\/p>\n\n\n\n<p>\u201cTe dan dos meses de adiestramiento b\u00e1sico, y como ya llevas la experiencia en armas nada m\u00e1s te dan un repaso y te mandan al frente\u201d.<\/p>\n\n\n\n<p>Lee tambi\u00e9n Beltrones pide a oposici\u00f3n unirse en torno a Sheinbaum por pol\u00edtica migratoria de EU; \u201cse necesita apoyo de las fuerzas pol\u00edticas\u201d<\/p>\n\n\n\n<p>Detall\u00f3 que a los mercenarios los despliegan en tres frentes, dependiendo su grado de adiestramiento; \u201clos que est\u00e1n en el \u00e1rea que no est\u00e1 en conflicto, despu\u00e9s los mandan al intermedio, y a la primera l\u00ednea de cuerpo a cuerpo. Tambi\u00e9n tienen una l\u00ednea que es la de incursi\u00f3n especial, es decir, grupos especiales que van a misiones espec\u00edficas\u201d.<\/p>\n\n\n\n<p>Agreg\u00f3: \u201cTengo entendido que (\u2026) no pueden utilizar emblemas de otros pa\u00edses, ellos van como mercenarios en la Legi\u00f3n Extranjera con los colombianos. Se les paga el seguro de vida, no hay pensi\u00f3n. Parece que en el contrato se da la garant\u00eda de que la familia adquiera la nacionalidad ucraniana en caso de que se gane el conflicto. Bajo esas premisas, les dan el seguro de vida y si caen en combate el cuerpo se puede repatriar si existen las condiciones\u201d.<\/p>\n\n\n\n<p>Acusan a AMLO de estigmatizarlos<br>L\u00f3pez Zamora afirm\u00f3 que los expolic\u00edas federales se enlistaron como mercenarios porque el gobierno de L\u00f3pez Obrador los estigmatiz\u00f3, \u201cnos crucific\u00f3 como corruptos, como si hubi\u00e9ramos sido lo peor que le pudo pasar al pa\u00eds durante muchos a\u00f1os, cuesti\u00f3n que vemos no es as\u00ed\u201d, recalc\u00f3 en la entrevista.<\/p>\n","protected":false},"excerpt":{"rendered":"<p>Despu\u00e9s de que el expresidente Andr\u00e9s Manuel L\u00f3pez Obrador desapareci\u00f3 a la Polic\u00eda Federal, exintegrantes de esta corporaci\u00f3n decidieron enrolarse como mercenarios en la guerra entre Ucrania y Rusia, que ya lleva m\u00e1s de tres a\u00f1os. Al menos 18 elementos de la extinta Divisi\u00f3n de Fuerzas Federales combaten actualmente como miembros de la Legi\u00f3n Internacional [&hellip;]<\/p>\n","protected":false},"author":4,"featured_media":63780,"comment_status":"open","ping_status":"open","sticky":false,"template":"","format":"standard","meta":{"om_disable_all_campaigns":false,"_monsterinsights_skip_tracking":false,"_monsterinsights_sitenote_active":false,"_monsterinsights_sitenote_note":"","_monsterinsights_sitenote_category":0,"footnotes":""},"categories":[176,226],"tags":[223],"class_list":["post-63779","post","type-post","status-publish","format-standard","has-post-thumbnail","hentry","category-nacional","category-policia","tag-puebla"],"amp_enabled":true,"_links":{"self":[{"href":"https:\/\/lahora.mx\/index.php\/wp-json\/wp\/v2\/posts\/63779","targetHints":{"allow":["GET"]}}],"collection":[{"href":"https:\/\/lahora.mx\/index.php\/wp-json\/wp\/v2\/posts"}],"about":[{"href":"https:\/\/lahora.mx\/index.php\/wp-json\/wp\/v2\/types\/post"}],"author":[{"embeddable":true,"href":"https:\/\/lahora.mx\/index.php\/wp-json\/wp\/v2\/users\/4"}],"replies":[{"embeddable":true,"href":"https:\/\/lahora.mx\/index.php\/wp-json\/wp\/v2\/comments?post=63779"}],"version-history":[{"count":1,"href":"https:\/\/lahora.mx\/index.php\/wp-json\/wp\/v2\/posts\/63779\/revisions"}],"predecessor-version":[{"id":63781,"href":"https:\/\/lahora.mx\/index.php\/wp-json\/wp\/v2\/posts\/63779\/revisions\/63781"}],"wp:featuredmedia":[{"embeddable":true,"href":"https:\/\/lahora.mx\/index.php\/wp-json\/wp\/v2\/media\/63780"}],"wp:attachment":[{"href":"https:\/\/lahora.mx\/index.php\/wp-json\/wp\/v2\/media?parent=63779"}],"wp:term":[{"taxonomy":"category","embeddable":true,"href":"https:\/\/lahora.mx\/index.php\/wp-json\/wp\/v2\/categories?post=63779"},{"taxonomy":"post_tag","embeddable":true,"href":"https:\/\/lahora.mx\/index.php\/wp-json\/wp\/v2\/tags?post=63779"}],"curies":[{"name":"wp","href":"https:\/\/api.w.org\/{rel}","templated":true}]}}