{"id":63773,"date":"2025-06-16T04:01:17","date_gmt":"2025-06-16T04:01:17","guid":{"rendered":"https:\/\/lahora.mx\/?p=63773"},"modified":"2025-06-16T04:01:18","modified_gmt":"2025-06-16T04:01:18","slug":"luego-de-su-aprobacion-convoca-armenta-al-congreso-realizar-foros-por-ley-contra-ciberasedio","status":"publish","type":"post","link":"https:\/\/lahora.mx\/index.php\/2025\/06\/16\/luego-de-su-aprobacion-convoca-armenta-al-congreso-realizar-foros-por-ley-contra-ciberasedio\/","title":{"rendered":"Luego de su aprobaci\u00f3n, convoca Armenta al Congreso realizar foros por Ley contra \u201cciberasedio\u201d"},"content":{"rendered":"\n<p>Ante las cr\u00edticas sobre la Ley contra el \u00abciberasedio\u00bb, aprobada hace apenas tres d\u00edas, el gobernador Alejandro Armenta Mier pidi\u00f3 al Congreso del estado de Puebla realizar foros para su an\u00e1lisis, luego de que la han calificado como \u201cLey Censura\u201d.<\/p>\n\n\n\n<p>Por medio de redes sociales, el mandatario poblano public\u00f3 un desplegado en el cual pide a la presidenta de la Junta de Gobierno y Coordinaci\u00f3n Pol\u00edtica del Poder Legislativo, Laura Artemisa Garc\u00eda Ch\u00e1vez, y a los integrantes de la LXII Legislatura discutir el tema con la Comisi\u00f3n Estatal de Derechos Humanos (CEDH), periodistas, asociaciones de padres de familia, organismos de derechos humanos y el colegio de abogados, en especial el punto del ciberacoso.<\/p>\n\n\n\n<p>Lo anterior, refiri\u00f3, con \u201cel prop\u00f3sito de proteger los derechos humanos universales con el mayor consenso posible\u201d, debido a que recalc\u00f3 \u201ccon el pueblo todo, sin el pueblo nada\u201d.<\/p>\n\n\n\n<p>El pasado 12 de junio las diputadas y diputados locales avalaron con 35 votos a favor, cinco en contra y una abstenci\u00f3n el paquete de reformas al C\u00f3digo Penal de Puebla, impulsadas por el coordinador de Gabinete estatal, Jos\u00e9 Luis Garc\u00eda Parra.<\/p>\n\n\n\n<p>Como parte de las modificaciones, se estableci\u00f3 la adici\u00f3n del art\u00edculo 480, que define el ciberasedio como el acto de insultar, injuriar, ofender o vejar a una persona a trav\u00e9s de medios digitales con la insistencia suficiente para da\u00f1ar su integridad f\u00edsica o emocional.<\/p>\n\n\n\n<p>La pena establecida para quienes incurran en ello va de 11 meses a 3 a\u00f1os de prisi\u00f3n, adem\u00e1s de una multa econ\u00f3mica de 50 a 300 d\u00edas del valor diario de la Unidad de Medida y Actualizaci\u00f3n (UMA), equivalente a 30 mil pesos.<\/p>\n\n\n\n<p>En respuesta, Laura Artemisa Garc\u00eda acept\u00f3 la propuesta del Ejecutivo estatal y anunci\u00f3 que en breve se abrir\u00e1n foros y espacios de di\u00e1logo para fortalecer esta legislaci\u00f3n.<\/p>\n\n\n\n<p>\u201cRecibo con inter\u00e9s su mensaje gobernador @armentapuebla_ y atiendo su llamado como en esta LXII Legislatura atendemos en general a la ciudadan\u00eda. A partir de esta semana estaremos realizando mesas de trabajo, debates, como corresponde a un parlamento abierto, para escuchar a todas las voces y analizar el impacto de la ley\u201d.<\/p>\n\n\n\n<p>CDH avala Ley, aunque se sumar\u00e1 a su estudio<br>Por su parte, la titular de la Comisi\u00f3n de Derechos Humanos en Puebla, Rosa Isela S\u00e1nchez Soya, aval\u00f3 la Ley de Ciberseguridad, aunque prometi\u00f3 se sumar\u00e1 a su an\u00e1lisis.<\/p>\n\n\n\n<p>Se\u00f1al\u00f3 que los art\u00edculos 6 y 7 de la Constituci\u00f3n son garantes de la libertad de expresi\u00f3n y limitan cualquier acci\u00f3n en contra de este derecho.<\/p>\n\n\n\n<p>La ombudsman poblana consider\u00f3 que la Ley de Ciberseguridad busca \u201cun respeto, un trato digno, la no injuria, la no calumnia\u201d, por lo que rechaz\u00f3 se trate de alg\u00fan tipo de censura.<\/p>\n\n\n\n<p>\u201cYo creo que est\u00e1 evitando que siga habiendo faltas de respeto, que no se d\u00e9 el trato debido en un medio tan importante como son las redes sociales (\u2026) insisto estamos haciendo un estudio profundo, pero de entrada mi gran labor es hacer que el respeto y la dignidad humana para todas las personas\u201d, declar\u00f3 en entrevista.<\/p>\n\n\n\n<p>Tal reforma fue tachada como una \u201cley mordaza\u201d por miembros del PAN y del PRI, al considerar que atenta contra la libertad de expresi\u00f3n y que se quiere encarcelar a quienes cuestionen al poder en turno en redes sociales.<\/p>\n\n\n\n<p>Tambi\u00e9n las organizaciones Art\u00edculo 19 y la Red de Periodistas Puebla hicieron un llamado urgente a rechazarla, ya que advirtieron incumple con los principios de derechos humanos y libertad de expresi\u00f3n, violentan el principio de taxatividad (certeza) en materia penal, y en su elaboraci\u00f3n no han incorporado el expertise t\u00e9cnico de especialistas.<\/p>\n","protected":false},"excerpt":{"rendered":"<p>Ante las cr\u00edticas sobre la Ley contra el \u00abciberasedio\u00bb, aprobada hace apenas tres d\u00edas, el gobernador Alejandro Armenta Mier pidi\u00f3 al Congreso del estado de Puebla realizar foros para su an\u00e1lisis, luego de que la han calificado como \u201cLey Censura\u201d. Por medio de redes sociales, el mandatario poblano public\u00f3 un desplegado en el cual pide [&hellip;]<\/p>\n","protected":false},"author":4,"featured_media":63774,"comment_status":"open","ping_status":"open","sticky":false,"template":"","format":"standard","meta":{"om_disable_all_campaigns":false,"_monsterinsights_skip_tracking":false,"_monsterinsights_sitenote_active":false,"_monsterinsights_sitenote_note":"","_monsterinsights_sitenote_category":0,"footnotes":""},"categories":[175],"tags":[239,195,223],"class_list":["post-63773","post","type-post","status-publish","format-standard","has-post-thumbnail","hentry","category-local","tag-gobierno","tag-principal","tag-puebla"],"amp_enabled":true,"_links":{"self":[{"href":"https:\/\/lahora.mx\/index.php\/wp-json\/wp\/v2\/posts\/63773","targetHints":{"allow":["GET"]}}],"collection":[{"href":"https:\/\/lahora.mx\/index.php\/wp-json\/wp\/v2\/posts"}],"about":[{"href":"https:\/\/lahora.mx\/index.php\/wp-json\/wp\/v2\/types\/post"}],"author":[{"embeddable":true,"href":"https:\/\/lahora.mx\/index.php\/wp-json\/wp\/v2\/users\/4"}],"replies":[{"embeddable":true,"href":"https:\/\/lahora.mx\/index.php\/wp-json\/wp\/v2\/comments?post=63773"}],"version-history":[{"count":1,"href":"https:\/\/lahora.mx\/index.php\/wp-json\/wp\/v2\/posts\/63773\/revisions"}],"predecessor-version":[{"id":63775,"href":"https:\/\/lahora.mx\/index.php\/wp-json\/wp\/v2\/posts\/63773\/revisions\/63775"}],"wp:featuredmedia":[{"embeddable":true,"href":"https:\/\/lahora.mx\/index.php\/wp-json\/wp\/v2\/media\/63774"}],"wp:attachment":[{"href":"https:\/\/lahora.mx\/index.php\/wp-json\/wp\/v2\/media?parent=63773"}],"wp:term":[{"taxonomy":"category","embeddable":true,"href":"https:\/\/lahora.mx\/index.php\/wp-json\/wp\/v2\/categories?post=63773"},{"taxonomy":"post_tag","embeddable":true,"href":"https:\/\/lahora.mx\/index.php\/wp-json\/wp\/v2\/tags?post=63773"}],"curies":[{"name":"wp","href":"https:\/\/api.w.org\/{rel}","templated":true}]}}