{"id":63764,"date":"2025-06-15T20:32:50","date_gmt":"2025-06-15T20:32:50","guid":{"rendered":"https:\/\/lahora.mx\/?p=63764"},"modified":"2025-06-15T20:32:50","modified_gmt":"2025-06-15T20:32:50","slug":"gobierno-de-puebla-y-conagua-impulsan-acciones-en-el-nacimiento-del-rio-atoyac","status":"publish","type":"post","link":"https:\/\/lahora.mx\/index.php\/2025\/06\/15\/gobierno-de-puebla-y-conagua-impulsan-acciones-en-el-nacimiento-del-rio-atoyac\/","title":{"rendered":"Gobierno de Puebla y CONAGUA impulsan acciones en el nacimiento del R\u00edo Atoyac"},"content":{"rendered":"\n<p>Alineados a la estrategia de la presidenta de M\u00e9xico, Claudia Sheinbaum, en defensa del agua como un derecho, con acciones concretas y con bio\u00e9tica social para rescatar el R\u00edo Atoyac, el director de la Comisi\u00f3n Nacional del Agua, Efrain Morales, el comisionado presidencial para la Restauraci\u00f3n del R\u00edo, Alejandro Isauro Mart\u00ednez Orozco y el gobernador de Puebla, Alejandro Armenta, realizaron una supervisi\u00f3n en Santa Cruz Otlatla, municipio de Tlahuapan, donde nace este afluente.<\/p>\n\n\n\n<p>Durante dicha visita el director general de CONAGUA, Efra\u00edn Morales, reconoci\u00f3 que las acciones de rescate del R\u00edo Atoyac, son \u201cun hecho hist\u00f3rico\u201d, por lo que resalt\u00f3 el esfuerzo e inter\u00e9s del Gobierno de Puebla que encabeza Alejandro Armenta, ya que la entidad es la que invierte m\u00e1s recursos en materia de agua, pues los proyectos se acercan a los 3 mil millones de pesos como un esfuerzo sin precedentes.<\/p>\n\n\n\n<p>Afirm\u00f3 que con una primera inversi\u00f3n de 200 millones de pesos se pondr\u00e1n en marcha las 11 acciones que Puebla encabezar\u00e1 como parte de este rescate, al priorizar la construcci\u00f3n de plantas de tratamiento, colectores y reforestaci\u00f3n.<\/p>\n\n\n\n<p>Por su parte, el Comisionado Presidencial para la Restauraci\u00f3n del R\u00edo Atoyac, Alejandro Isauro Mart\u00ednez Orozco, dijo que Puebla destinar\u00e1 135 millones de pesos para el inicio del rescate, adem\u00e1s detall\u00f3 que la cuenca est\u00e1 conformada por 22 municipios en Puebla y 48 municipios en Tlaxcala. Asever\u00f3 que han detectado 2 mil 259 descargas contaminantes y 9 mil 800 hect\u00e1reas deforestadas y m\u00e1s de 47 kil\u00f3metros de colectores, con el apoyo de la brigada de 30 personas que dispuso el Gobierno del Estado de Puebla para avanzar en los recorridos de supervisi\u00f3n de la rivera.<\/p>\n\n\n\n<p>El titular del ejecutivo estatal, Alejandro Armenta, subray\u00f3 que para su administraci\u00f3n la seguridad es primero y como consecuencia el agua tambi\u00e9n lo es, por ello otorgar\u00e1n todo el respaldo al Gobierno de M\u00e9xico en los proyectos destinados al rescate del medio ambiente, por justicia social. \u00abNosotros no haremos nada que no est\u00e9 en los procedimientos que establece la Federaci\u00f3n. Todas estas acciones se alinean al cumplimiento del compromiso de la Presidenta Claudia Sheinbaum\u00bb, se\u00f1al\u00f3 el mandatario.<\/p>\n\n\n\n<p>Con una visi\u00f3n transformadora se acord\u00f3 que emprender\u00e1n acciones como el desazolve y limpieza profunda del cauce en 1.83 kil\u00f3metros, instalaci\u00f3n de 268 sistemas de tratamiento con biodigestores, construcci\u00f3n de 11.35 kil\u00f3metros de colectores sanitarios y alcantarillados; atenci\u00f3n directa a 108 mil 464 habitantes del tramo 1, con saneamiento y vigilancia ambiental; recorrido de 70 kil\u00f3metros del R\u00edo por brigadas t\u00e9cnicas para identificar riesgos y restaurar el ecosistema; adem\u00e1s de la la construcci\u00f3n de dos plantas de tratamiento.<\/p>\n\n\n\n<p>Al final del recorrido, el gobernador se reuni\u00f3 con habitantes de las inspector\u00edas de San Martinito y Anaya, con quienes estableci\u00f3 el compromiso de integrarlos al Programa de Obra Comunitaria, por lo que el pr\u00f3ximo s\u00e1bado sostendr\u00e1n un encuentro con la secretaria de Medio Ambiente, Desarrollo Sustentable y ordenamiento Territorial, Rebeca Ba\u00f1uelos y con la secretaria de Finanzas, Josefina Morales para establecer los comit\u00e9s y los proyectos que se ejecutar\u00e1n con la entrega de un mill\u00f3n de pesos en materiales.<\/p>\n","protected":false},"excerpt":{"rendered":"<p>Alineados a la estrategia de la presidenta de M\u00e9xico, Claudia Sheinbaum, en defensa del agua como un derecho, con acciones concretas y con bio\u00e9tica social para rescatar el R\u00edo Atoyac, el director de la Comisi\u00f3n Nacional del Agua, Efrain Morales, el comisionado presidencial para la Restauraci\u00f3n del R\u00edo, Alejandro Isauro Mart\u00ednez Orozco y el gobernador [&hellip;]<\/p>\n","protected":false},"author":4,"featured_media":63765,"comment_status":"open","ping_status":"open","sticky":false,"template":"","format":"standard","meta":{"om_disable_all_campaigns":false,"_monsterinsights_skip_tracking":false,"_monsterinsights_sitenote_active":false,"_monsterinsights_sitenote_note":"","_monsterinsights_sitenote_category":0,"footnotes":""},"categories":[175],"tags":[239,223],"class_list":["post-63764","post","type-post","status-publish","format-standard","has-post-thumbnail","hentry","category-local","tag-gobierno","tag-puebla"],"amp_enabled":true,"_links":{"self":[{"href":"https:\/\/lahora.mx\/index.php\/wp-json\/wp\/v2\/posts\/63764","targetHints":{"allow":["GET"]}}],"collection":[{"href":"https:\/\/lahora.mx\/index.php\/wp-json\/wp\/v2\/posts"}],"about":[{"href":"https:\/\/lahora.mx\/index.php\/wp-json\/wp\/v2\/types\/post"}],"author":[{"embeddable":true,"href":"https:\/\/lahora.mx\/index.php\/wp-json\/wp\/v2\/users\/4"}],"replies":[{"embeddable":true,"href":"https:\/\/lahora.mx\/index.php\/wp-json\/wp\/v2\/comments?post=63764"}],"version-history":[{"count":1,"href":"https:\/\/lahora.mx\/index.php\/wp-json\/wp\/v2\/posts\/63764\/revisions"}],"predecessor-version":[{"id":63766,"href":"https:\/\/lahora.mx\/index.php\/wp-json\/wp\/v2\/posts\/63764\/revisions\/63766"}],"wp:featuredmedia":[{"embeddable":true,"href":"https:\/\/lahora.mx\/index.php\/wp-json\/wp\/v2\/media\/63765"}],"wp:attachment":[{"href":"https:\/\/lahora.mx\/index.php\/wp-json\/wp\/v2\/media?parent=63764"}],"wp:term":[{"taxonomy":"category","embeddable":true,"href":"https:\/\/lahora.mx\/index.php\/wp-json\/wp\/v2\/categories?post=63764"},{"taxonomy":"post_tag","embeddable":true,"href":"https:\/\/lahora.mx\/index.php\/wp-json\/wp\/v2\/tags?post=63764"}],"curies":[{"name":"wp","href":"https:\/\/api.w.org\/{rel}","templated":true}]}}