{"id":63761,"date":"2025-06-15T16:14:08","date_gmt":"2025-06-15T16:14:08","guid":{"rendered":"https:\/\/lahora.mx\/?p=63761"},"modified":"2025-06-15T16:14:09","modified_gmt":"2025-06-15T16:14:09","slug":"entra-en-vigor-ley-contra-ciberasedio-en-puebla","status":"publish","type":"post","link":"https:\/\/lahora.mx\/index.php\/2025\/06\/15\/entra-en-vigor-ley-contra-ciberasedio-en-puebla\/","title":{"rendered":"Entra en vigor ley contra ciberasedio en Puebla"},"content":{"rendered":"\n<p>Este s\u00e1bado entr\u00f3 en vigor la sanci\u00f3n a quienes cometan el delito de \u201cciberasedio\u201d, luego de haberse publicado en el Peri\u00f3dico Oficial del Estado la reforma al C\u00f3digo Penal del Estado de Puebla, aprobada por el pleno del Congreso del Estado el 12 de junio, con el voto en contra de la oposici\u00f3n.<\/p>\n\n\n\n<p>De acuerdo con el Peri\u00f3dico Oficial, el decreto entrar\u00e1 en vigor al d\u00eda siguiente de la publicaci\u00f3n por lo que, a partir de hoy, quien utilice las tecnolog\u00edas de la informaci\u00f3n y la comunicaci\u00f3n, redes sociales, correo electr\u00f3nico o cualquier espacio digital insulte, injurie, ofenda, agravie o veje a otra persona, con la insistencia necesaria para causarle un da\u00f1o o menoscabo en su integridad f\u00edsica o emocional, ser\u00e1 sancionado.<\/p>\n\n\n\n<p>El documento se\u00f1ala:<\/p>\n\n\n\n<p>Art\u00edculo 480: \u00abComete el delito de ciberasedio quien a trav\u00e9s de la utilizaci\u00f3n de las tecnolog\u00edas de la informaci\u00f3n y la comunicaci\u00f3n, redes sociales, correo electr\u00f3nico o cualquier espacio digital insulte, injurie, ofenda, agravie o veje a otra persona, con la insistencia necesaria para causarle un da\u00f1o o menoscabo en su integridad f\u00edsica o emocional\u00bb.<\/p>\n\n\n\n<p>Sobre las sanciones se se\u00f1ala: \u00abA la persona responsable de la conducta descrita en el p\u00e1rrafo anterior se le impondr\u00e1 la pena de once meses a tres a\u00f1os de prisi\u00f3n y multa de cincuenta a trescientos d\u00edas del valor diario de la Unidad de Medida y Actualizaci\u00f3n vigente en el momento de la comisi\u00f3n del delito. Cuando la v\u00edctima sea menor de edad, se presumir\u00e1 el da\u00f1o a la dignidad por tratarse de una persona en desarrollo psicoemocional y f\u00edsico, y la sanci\u00f3n se aumentar\u00e1 desde una tercera parte de la pena m\u00ednima, hasta dos terceras partes de la pena m\u00e1xima\u00bb.<\/p>\n\n\n\n<p>Usurpaci\u00f3n de identidad<br>Asimismo con el documento ya se tipifica la usurpaci\u00f3n de la identidad, la cual implica la apropiaci\u00f3n il\u00edcita de datos personales o hacerse pasar por alguien con fines fraudulentos, como realizar transacciones financieras, abrir cuentas bancarias o cometer otros delitos en nombre de la v\u00edctima.<\/p>\n\n\n\n<p>Se\u00f1ala la publicaci\u00f3n que la falta de una tipificaci\u00f3n espec\u00edfica en la legislaci\u00f3n local puede dificultar su persecuci\u00f3n y sanci\u00f3n efectiva, dejando a las v\u00edctimas sin un respaldo legal adecuado.<\/p>\n\n\n\n<p>La incorporaci\u00f3n del delito en el marco jur\u00eddico estatal permitir\u00e1 fortalecer la protecci\u00f3n jur\u00eddica, facilitar las investigaciones y promover acciones preventivas.<\/p>\n\n\n\n<p>Lo anterior, resulta necesario porque permite afrontar diferentes delitos como robo de identidad, fraudes, fuga de datos personales, acoso, extorsiones, violaci\u00f3n a la privacidad, estafas, flujos financieros ilegales, pero principalmente aquellos en los que las personas utilicen tecnolog\u00edas de la informaci\u00f3n y la comunicaci\u00f3n, redes sociales, correo electr\u00f3nico o cualquier espacio digital, para contactar a ni\u00f1as, ni\u00f1os, adolescentes y personas incapaces con el prop\u00f3sito de crear un v\u00ednculo de confianza, para controlarlos emocionalmente o chantajearlos con fines sexuales.<\/p>\n\n\n\n<p>Adem\u00e1s, se incorpora el delito de espionaje digital a fin de evitar que las personas accedan a un equipo o sistema inform\u00e1tico sin la autorizaci\u00f3n de su leg\u00edtimo titular o propietario a efecto de conocer u obtener sus datos personales o cualquier tipo de informaci\u00f3n o documentos personales.<\/p>\n","protected":false},"excerpt":{"rendered":"<p>Este s\u00e1bado entr\u00f3 en vigor la sanci\u00f3n a quienes cometan el delito de \u201cciberasedio\u201d, luego de haberse publicado en el Peri\u00f3dico Oficial del Estado la reforma al C\u00f3digo Penal del Estado de Puebla, aprobada por el pleno del Congreso del Estado el 12 de junio, con el voto en contra de la oposici\u00f3n. De acuerdo [&hellip;]<\/p>\n","protected":false},"author":4,"featured_media":63762,"comment_status":"open","ping_status":"open","sticky":false,"template":"","format":"standard","meta":{"om_disable_all_campaigns":false,"_monsterinsights_skip_tracking":false,"_monsterinsights_sitenote_active":false,"_monsterinsights_sitenote_note":"","_monsterinsights_sitenote_category":0,"footnotes":""},"categories":[175,226],"tags":[223],"class_list":["post-63761","post","type-post","status-publish","format-standard","has-post-thumbnail","hentry","category-local","category-policia","tag-puebla"],"amp_enabled":true,"_links":{"self":[{"href":"https:\/\/lahora.mx\/index.php\/wp-json\/wp\/v2\/posts\/63761","targetHints":{"allow":["GET"]}}],"collection":[{"href":"https:\/\/lahora.mx\/index.php\/wp-json\/wp\/v2\/posts"}],"about":[{"href":"https:\/\/lahora.mx\/index.php\/wp-json\/wp\/v2\/types\/post"}],"author":[{"embeddable":true,"href":"https:\/\/lahora.mx\/index.php\/wp-json\/wp\/v2\/users\/4"}],"replies":[{"embeddable":true,"href":"https:\/\/lahora.mx\/index.php\/wp-json\/wp\/v2\/comments?post=63761"}],"version-history":[{"count":1,"href":"https:\/\/lahora.mx\/index.php\/wp-json\/wp\/v2\/posts\/63761\/revisions"}],"predecessor-version":[{"id":63763,"href":"https:\/\/lahora.mx\/index.php\/wp-json\/wp\/v2\/posts\/63761\/revisions\/63763"}],"wp:featuredmedia":[{"embeddable":true,"href":"https:\/\/lahora.mx\/index.php\/wp-json\/wp\/v2\/media\/63762"}],"wp:attachment":[{"href":"https:\/\/lahora.mx\/index.php\/wp-json\/wp\/v2\/media?parent=63761"}],"wp:term":[{"taxonomy":"category","embeddable":true,"href":"https:\/\/lahora.mx\/index.php\/wp-json\/wp\/v2\/categories?post=63761"},{"taxonomy":"post_tag","embeddable":true,"href":"https:\/\/lahora.mx\/index.php\/wp-json\/wp\/v2\/tags?post=63761"}],"curies":[{"name":"wp","href":"https:\/\/api.w.org\/{rel}","templated":true}]}}