{"id":63752,"date":"2025-06-15T15:54:11","date_gmt":"2025-06-15T15:54:11","guid":{"rendered":"https:\/\/lahora.mx\/?p=63752"},"modified":"2025-06-15T15:54:12","modified_gmt":"2025-06-15T15:54:12","slug":"ecuador-pide-apoyo-a-unicef-vs-reclutamiento-de-menores-por-el-crimen","status":"publish","type":"post","link":"https:\/\/lahora.mx\/index.php\/2025\/06\/15\/ecuador-pide-apoyo-a-unicef-vs-reclutamiento-de-menores-por-el-crimen\/","title":{"rendered":"Ecuador pide apoyo a UNICEF vs reclutamiento de menores por el crimen"},"content":{"rendered":"\n<p>El gobierno de Ecuador pidi\u00f3 apoyo t\u00e9cnico al Fondo de las Naciones Unidas para la Infancia (UNICEF) para combatir el reclutamiento de menores por parte de bandas del crimen organizado, en medio de una crisis de inseguridad que golpea al pa\u00eds sudamericano.<\/p>\n\n\n\n<p>La vicepresidenta, Mar\u00eda Jos\u00e9 Pinto, hizo el pedido durante una reuni\u00f3n con el representante de UNICEF en Ecuador, Arturo Romboli, en la que tambi\u00e9n participaron los ministros del Interior y de Inclusi\u00f3n Econ\u00f3mica y Social, indic\u00f3 su despacho en un comunicado.<\/p>\n\n\n\n<p>\u00abLa vicepresidenta propuso que UNICEF asesore en los procesos t\u00e9cnicos y de articulaci\u00f3n institucional para enfrentar esta grave problem\u00e1tica que afecta a Ecuador\u201d, apunt\u00f3.<\/p>\n\n\n\n<p>\u00abEl reclutamiento forzado o inducido de ni\u00f1os, ni\u00f1as y adolescentes es una problem\u00e1tica compleja que exige respuestas integrales y urgentes desde los gabinetes de seguridad y social\u00bb, dijo Pinto, citada en el comunicado.<\/p>\n\n\n\n<p>A\u00f1adi\u00f3 que, durante la reuni\u00f3n, UNICEF Ecuador present\u00f3 datos levantados en comunidades donde se han identificado casos de reclutamiento de menores por factores de riesgo como la pobreza extrema, la falta de acceso a educaci\u00f3n, oportunidades laborales y la ubicaci\u00f3n territorial de las familias afectadas.<\/p>\n\n\n\n<p>Seg\u00fan datos de la Vicepresidencia de la Rep\u00fablica, en Ecuador, ocho de cada 10 homicidios intencionales de ni\u00f1os, ni\u00f1as y adolescentes ocurren en las provincias costeras de Guayas y su capital Guayaquil (actual epicentro de la violencia criminal), Manab\u00ed, Esmeraldas y Los R\u00edos.<\/p>\n\n\n\n<p>Entre 2021 y 2023, las detenciones de adolescentes de 12 a 17 a\u00f1os por su vinculaci\u00f3n al crimen organizado se incrementaron 20 por ciento.<\/p>\n\n\n\n<p>\u00abNueve de cada 10 menores detenidos son hombres, y el involucramiento en redes delictivas crece, especialmente en la regi\u00f3n litoral\u00bb, precis\u00f3 la fuente.<\/p>\n\n\n\n<p>La reuni\u00f3n con el representante de UNICEF se produjo despu\u00e9s de que el pasado 5 de junio, el presidente Daniel Noboa, declar\u00f3 v\u00eda decreto como prioridad nacional la prevenci\u00f3n y erradicaci\u00f3n del reclutamiento, uso y utilizaci\u00f3n de ni\u00f1os, ni\u00f1as y adolescentes por grupos delincuenciales.<\/p>\n\n\n\n<p>En el decreto se cre\u00f3 un comit\u00e9 que se encargar\u00e1 de formular, conocer, implementar y ejecutar pol\u00edticas p\u00fablicas, planes, programas, proyectos y estrategias para cumplir con lo dispuesto por el mandatario.<\/p>\n","protected":false},"excerpt":{"rendered":"<p>El gobierno de Ecuador pidi\u00f3 apoyo t\u00e9cnico al Fondo de las Naciones Unidas para la Infancia (UNICEF) para combatir el reclutamiento de menores por parte de bandas del crimen organizado, en medio de una crisis de inseguridad que golpea al pa\u00eds sudamericano. La vicepresidenta, Mar\u00eda Jos\u00e9 Pinto, hizo el pedido durante una reuni\u00f3n con el [&hellip;]<\/p>\n","protected":false},"author":4,"featured_media":63753,"comment_status":"open","ping_status":"open","sticky":false,"template":"","format":"standard","meta":{"om_disable_all_campaigns":false,"_monsterinsights_skip_tracking":false,"_monsterinsights_sitenote_active":false,"_monsterinsights_sitenote_note":"","_monsterinsights_sitenote_category":0,"footnotes":""},"categories":[183],"tags":[],"class_list":["post-63752","post","type-post","status-publish","format-standard","has-post-thumbnail","hentry","category-internacional"],"amp_enabled":true,"_links":{"self":[{"href":"https:\/\/lahora.mx\/index.php\/wp-json\/wp\/v2\/posts\/63752","targetHints":{"allow":["GET"]}}],"collection":[{"href":"https:\/\/lahora.mx\/index.php\/wp-json\/wp\/v2\/posts"}],"about":[{"href":"https:\/\/lahora.mx\/index.php\/wp-json\/wp\/v2\/types\/post"}],"author":[{"embeddable":true,"href":"https:\/\/lahora.mx\/index.php\/wp-json\/wp\/v2\/users\/4"}],"replies":[{"embeddable":true,"href":"https:\/\/lahora.mx\/index.php\/wp-json\/wp\/v2\/comments?post=63752"}],"version-history":[{"count":1,"href":"https:\/\/lahora.mx\/index.php\/wp-json\/wp\/v2\/posts\/63752\/revisions"}],"predecessor-version":[{"id":63754,"href":"https:\/\/lahora.mx\/index.php\/wp-json\/wp\/v2\/posts\/63752\/revisions\/63754"}],"wp:featuredmedia":[{"embeddable":true,"href":"https:\/\/lahora.mx\/index.php\/wp-json\/wp\/v2\/media\/63753"}],"wp:attachment":[{"href":"https:\/\/lahora.mx\/index.php\/wp-json\/wp\/v2\/media?parent=63752"}],"wp:term":[{"taxonomy":"category","embeddable":true,"href":"https:\/\/lahora.mx\/index.php\/wp-json\/wp\/v2\/categories?post=63752"},{"taxonomy":"post_tag","embeddable":true,"href":"https:\/\/lahora.mx\/index.php\/wp-json\/wp\/v2\/tags?post=63752"}],"curies":[{"name":"wp","href":"https:\/\/api.w.org\/{rel}","templated":true}]}}