{"id":63749,"date":"2025-06-15T15:52:39","date_gmt":"2025-06-15T15:52:39","guid":{"rendered":"https:\/\/lahora.mx\/?p=63749"},"modified":"2025-06-15T15:52:40","modified_gmt":"2025-06-15T15:52:40","slug":"atencion-a-mercados-expresion-gastronomica-y-de-identidad-de-puebla","status":"publish","type":"post","link":"https:\/\/lahora.mx\/index.php\/2025\/06\/15\/atencion-a-mercados-expresion-gastronomica-y-de-identidad-de-puebla\/","title":{"rendered":"Atenci\u00f3n a mercados, expresi\u00f3n gastron\u00f3mica y de identidad de Puebla"},"content":{"rendered":"\n<p>Con un enfoque de bio\u00e9tica social, donde se prioriza el bienestar de la poblaci\u00f3n, el gobernador Alejandro Armenta entreg\u00f3 recursos del Programa de Obra Comunitaria a 38 mercados y tianguis del municipio de Puebla, con una inversi\u00f3n de m\u00e1s de 11 millones de pesos.<\/p>\n\n\n\n<p>El mandatario asegur\u00f3 que los mercados son una forma de expresi\u00f3n cultural y gastron\u00f3mica, por lo que deben ser lugares que todo mundo quiera visitar. Por ello, anunci\u00f3 que contar\u00e1n con un ring m\u00f3vil para que las y los j\u00f3venes practiquen boxeo y dijo que a aquellos que cuenten con el espacio id\u00f3neo se les construir\u00e1n micro canchas de usos m\u00faltiples para que hagan deporte.<\/p>\n\n\n\n<p>Alejandro Armenta dijo que quiere que las y los locatarios est\u00e9n bien y sus familias tengan seguridad, por lo que su administraci\u00f3n les ayudar\u00e1 para que tengan un consultorio y atiendan su salud, as\u00ed como una guarder\u00eda en apoyo a las mam\u00e1s.<\/p>\n\n\n\n<p>El gobernador record\u00f3 a las y los asistentes que durante su ni\u00f1ez creci\u00f3 en un tianguis, donde vend\u00eda revistas que conservaba su abuelita. \u201cCon morral al hombro sal\u00eda al tianguis a venderlas a peso, mientras estudiaba la secundaria. Ah\u00ed en el tianguis aprend\u00ed tambi\u00e9n el oficio de la venta de pollo\u201d.<\/p>\n\n\n\n<p>Por su parte, el secretario de Gobernaci\u00f3n, Samuel Aguilar Pala, se\u00f1al\u00f3 que el mandatario tiene un cari\u00f1o especial a las y los comerciantes de los mercados, por ello les exhort\u00f3 a estar en comunicaci\u00f3n con las y los delegados para invertir en m\u00e1s acciones de mejora de la infraestructura de mercados y tianguis, con el objetivo de mejorar la calidad de vida de todas y todos.<\/p>\n\n\n\n<p>En su mensaje, el presidente municipal, Jos\u00e9 Chedraui Budib, destac\u00f3 el trabajo del mandatario estatal, Alejandro Armenta, a favor de la capital poblana y, especialmente, de los mercados, que durante muchos a\u00f1os fueron abandonados y son un elemento importante en la vida diaria de la ciudadan\u00eda.<\/p>\n\n\n\n<p>En su intervenci\u00f3n, el titular de Bienestar y Participaci\u00f3n Ciudadana del municipio, Carlos G\u00f3mez Tepoz, inform\u00f3 que con el recurso otorgado, se ver\u00e1n favorecidos siete tianguis con una inversi\u00f3n de m\u00e1s de 2 millones de pesos y 31 mercados, por un monto de m\u00e1s de nueve millones de pesos, de los cuales 17 mercados y 4 tianguis est\u00e1n localizados en zonas de atenci\u00f3n prioritaria. Esto significa un beneficio para un mill\u00f3n de poblanos y poblanas que asisten a realizar sus compras en dichos puntos de venta,<\/p>\n\n\n\n<p>Finalmente, la beneficiaria y locataria del Mercado de Sabores, Adriana Miguel Quintero, se\u00f1al\u00f3 que desde hace 14 a\u00f1os no recib\u00edan la atenci\u00f3n y apoyo de un gobernador. Reconoci\u00f3 el esfuerzo del mandatario estatal para mejorar el Mercado de Sabores y comparti\u00f3 que vivi\u00f3 y creci\u00f3 en un mercado, por ello exhort\u00f3 a las y los comerciantes a trabajar con el coraz\u00f3n y transparencia.<\/p>\n","protected":false},"excerpt":{"rendered":"<p>Con un enfoque de bio\u00e9tica social, donde se prioriza el bienestar de la poblaci\u00f3n, el gobernador Alejandro Armenta entreg\u00f3 recursos del Programa de Obra Comunitaria a 38 mercados y tianguis del municipio de Puebla, con una inversi\u00f3n de m\u00e1s de 11 millones de pesos. El mandatario asegur\u00f3 que los mercados son una forma de expresi\u00f3n [&hellip;]<\/p>\n","protected":false},"author":4,"featured_media":63750,"comment_status":"open","ping_status":"open","sticky":false,"template":"","format":"standard","meta":{"om_disable_all_campaigns":false,"_monsterinsights_skip_tracking":false,"_monsterinsights_sitenote_active":false,"_monsterinsights_sitenote_note":"","_monsterinsights_sitenote_category":0,"footnotes":""},"categories":[175],"tags":[239,195,223],"class_list":["post-63749","post","type-post","status-publish","format-standard","has-post-thumbnail","hentry","category-local","tag-gobierno","tag-principal","tag-puebla"],"amp_enabled":true,"_links":{"self":[{"href":"https:\/\/lahora.mx\/index.php\/wp-json\/wp\/v2\/posts\/63749","targetHints":{"allow":["GET"]}}],"collection":[{"href":"https:\/\/lahora.mx\/index.php\/wp-json\/wp\/v2\/posts"}],"about":[{"href":"https:\/\/lahora.mx\/index.php\/wp-json\/wp\/v2\/types\/post"}],"author":[{"embeddable":true,"href":"https:\/\/lahora.mx\/index.php\/wp-json\/wp\/v2\/users\/4"}],"replies":[{"embeddable":true,"href":"https:\/\/lahora.mx\/index.php\/wp-json\/wp\/v2\/comments?post=63749"}],"version-history":[{"count":1,"href":"https:\/\/lahora.mx\/index.php\/wp-json\/wp\/v2\/posts\/63749\/revisions"}],"predecessor-version":[{"id":63751,"href":"https:\/\/lahora.mx\/index.php\/wp-json\/wp\/v2\/posts\/63749\/revisions\/63751"}],"wp:featuredmedia":[{"embeddable":true,"href":"https:\/\/lahora.mx\/index.php\/wp-json\/wp\/v2\/media\/63750"}],"wp:attachment":[{"href":"https:\/\/lahora.mx\/index.php\/wp-json\/wp\/v2\/media?parent=63749"}],"wp:term":[{"taxonomy":"category","embeddable":true,"href":"https:\/\/lahora.mx\/index.php\/wp-json\/wp\/v2\/categories?post=63749"},{"taxonomy":"post_tag","embeddable":true,"href":"https:\/\/lahora.mx\/index.php\/wp-json\/wp\/v2\/tags?post=63749"}],"curies":[{"name":"wp","href":"https:\/\/api.w.org\/{rel}","templated":true}]}}