{"id":63740,"date":"2025-06-14T00:22:13","date_gmt":"2025-06-14T00:22:13","guid":{"rendered":"https:\/\/lahora.mx\/?p=63740"},"modified":"2025-06-14T00:22:14","modified_gmt":"2025-06-14T00:22:14","slug":"detienen-a-2-presuntos-narcomenudistas-en-la-alcaldia-de-iztacalco-cdmx","status":"publish","type":"post","link":"https:\/\/lahora.mx\/index.php\/2025\/06\/14\/detienen-a-2-presuntos-narcomenudistas-en-la-alcaldia-de-iztacalco-cdmx\/","title":{"rendered":"Detienen a 2 presuntos narcomenudistas en la alcald\u00eda de Iztacalco, CDMX"},"content":{"rendered":"\n<p>La madrugada del 13 de junio, autoridades de la CDMX dieron a conocer la detenci\u00f3n de dos presuntos narcomenudistas en cumplimientos de dos ordenes de aprehensi\u00f3n emitidas contra estos individuos de la alcald\u00eda Iztacalco. Lograron asegurar unas 400 dosis de diferentes drogas.<br><br>Esta acci\u00f3n se llev\u00f3 a cabo en seguimiento a diversas denuncias por la comisi\u00f3n de il\u00edcitos en diferentes puntos de la alcald\u00eda en que se les logro detener, por lo cual participaron elementos de la Secretar\u00eda de Seguridad Ciudadana (SSC) con apoyo de personal de la Fiscal\u00eda de la Ciudad de M\u00e9xico y el gobierno federal.<\/p>\n\n\n\n<p>\u201cSeguimos trabajando en coordinaci\u00f3n, para atender las demandas de la ciudadan\u00eda, identificar y detener a quienes cometen delitos y con ello construir una ciudad m\u00e1s segura, justa y en paz para todas y todos\u00bb, declar\u00f3 el jefe de la polic\u00eda en la CDMX, Pablo V\u00e1zquez, a trav\u00e9s de sus cuentas en X y Facebook.<\/p>\n\n\n\n<p>Hasta el momento se sabe que los inmuebles fueron sellados y se encuentran bajo resguardo policial, as\u00ed como los detenidos fueron puestos a disposici\u00f3n del agente del Ministerio P\u00fablico correspondiente, a trav\u00e9s del cual se definir\u00e1 la situaci\u00f3n jur\u00eddica de los dos individuos para continuar con las investigaciones del caso.<\/p>\n\n\n\n<p>De acuerdo con informaci\u00f3n compartida por la SSC de la CDMX, uno de los detenidos tiene 23 a\u00f1os y en su registro cuenta con un ingreso al Sistema Penitenciario por Delitos contra la salud a inicios de este a\u00f1o. Tambi\u00e9n se present\u00f3 ante un Juez C\u00edvico por inhalar estupefacientes il\u00edcitos.<\/p>\n","protected":false},"excerpt":{"rendered":"<p>La madrugada del 13 de junio, autoridades de la CDMX dieron a conocer la detenci\u00f3n de dos presuntos narcomenudistas en cumplimientos de dos ordenes de aprehensi\u00f3n emitidas contra estos individuos de la alcald\u00eda Iztacalco. Lograron asegurar unas 400 dosis de diferentes drogas. Esta acci\u00f3n se llev\u00f3 a cabo en seguimiento a diversas denuncias por la [&hellip;]<\/p>\n","protected":false},"author":4,"featured_media":63741,"comment_status":"open","ping_status":"open","sticky":false,"template":"","format":"standard","meta":{"om_disable_all_campaigns":false,"_monsterinsights_skip_tracking":false,"_monsterinsights_sitenote_active":false,"_monsterinsights_sitenote_note":"","_monsterinsights_sitenote_category":0,"footnotes":""},"categories":[175,226],"tags":[],"class_list":["post-63740","post","type-post","status-publish","format-standard","has-post-thumbnail","hentry","category-local","category-policia"],"amp_enabled":true,"_links":{"self":[{"href":"https:\/\/lahora.mx\/index.php\/wp-json\/wp\/v2\/posts\/63740","targetHints":{"allow":["GET"]}}],"collection":[{"href":"https:\/\/lahora.mx\/index.php\/wp-json\/wp\/v2\/posts"}],"about":[{"href":"https:\/\/lahora.mx\/index.php\/wp-json\/wp\/v2\/types\/post"}],"author":[{"embeddable":true,"href":"https:\/\/lahora.mx\/index.php\/wp-json\/wp\/v2\/users\/4"}],"replies":[{"embeddable":true,"href":"https:\/\/lahora.mx\/index.php\/wp-json\/wp\/v2\/comments?post=63740"}],"version-history":[{"count":1,"href":"https:\/\/lahora.mx\/index.php\/wp-json\/wp\/v2\/posts\/63740\/revisions"}],"predecessor-version":[{"id":63742,"href":"https:\/\/lahora.mx\/index.php\/wp-json\/wp\/v2\/posts\/63740\/revisions\/63742"}],"wp:featuredmedia":[{"embeddable":true,"href":"https:\/\/lahora.mx\/index.php\/wp-json\/wp\/v2\/media\/63741"}],"wp:attachment":[{"href":"https:\/\/lahora.mx\/index.php\/wp-json\/wp\/v2\/media?parent=63740"}],"wp:term":[{"taxonomy":"category","embeddable":true,"href":"https:\/\/lahora.mx\/index.php\/wp-json\/wp\/v2\/categories?post=63740"},{"taxonomy":"post_tag","embeddable":true,"href":"https:\/\/lahora.mx\/index.php\/wp-json\/wp\/v2\/tags?post=63740"}],"curies":[{"name":"wp","href":"https:\/\/api.w.org\/{rel}","templated":true}]}}