{"id":63737,"date":"2025-06-14T00:20:59","date_gmt":"2025-06-14T00:20:59","guid":{"rendered":"https:\/\/lahora.mx\/?p=63737"},"modified":"2025-06-14T00:20:59","modified_gmt":"2025-06-14T00:20:59","slug":"despues-de-30-anos-hospital-general-de-tehuacan-adquiere-toma-de-agua","status":"publish","type":"post","link":"https:\/\/lahora.mx\/index.php\/2025\/06\/14\/despues-de-30-anos-hospital-general-de-tehuacan-adquiere-toma-de-agua\/","title":{"rendered":"Despu\u00e9s de 30 a\u00f1os, Hospital General de Tehuac\u00e1n adquiere toma de agua"},"content":{"rendered":"\n<p>Despu\u00e9s de 30 a\u00f1os de operar sin una toma de agua propia, el Hospital General de Tehuac\u00e1n finalmente cuenta con conexi\u00f3n al sistema de agua potable, lo que pone fin a una problem\u00e1tica que hab\u00eda afectado el funcionamiento del nosocomio, que anteriormente depend\u00eda de pipas para su abastecimiento.<\/p>\n\n\n\n<p>Este viernes, Juli\u00e1n Castillo Tenorio, director del Organismo Operador del Servicio de Agua Potable de Tehuac\u00e1n (Ooselite), explic\u00f3 que, desde la construcci\u00f3n del hospital, el inmueble no contaba con una toma de agua propia.<\/p>\n\n\n\n<p>A lo largo de tres d\u00e9cadas, la instituci\u00f3n se abasteci\u00f3 \u00fanicamente de pipas, lo que gener\u00f3 problemas para el personal, los pacientes y otras personas que acud\u00edan al hospital en busca de atenci\u00f3n m\u00e9dica.<\/p>\n\n\n\n<p>Aunque no se sabe con certeza por qu\u00e9 no se realiz\u00f3 la conexi\u00f3n desde un inicio, Castillo Tenorio reconoci\u00f3 que, durante este largo periodo, no se gestion\u00f3 adecuadamente la incorporaci\u00f3n del hospital al sistema de agua municipal.<\/p>\n\n\n\n<p>En entrevistas previas, Fernando Garc\u00eda Hern\u00e1ndez, jefe de la Jurisdicci\u00f3n Sanitaria N\u00famero 10, hab\u00eda informado que el hospital recib\u00eda diariamente alrededor de 20 pipas de agua. Sin embargo, desde la transici\u00f3n al sistema IMSS-Bienestar, el suministro de agua comenz\u00f3 a presentar fallas. En respuesta, los municipios cercanos colaboraron con el env\u00edo de pipas adicionales para evitar mayores afectaciones en el servicio.<\/p>\n\n\n\n<p>Se espera que, con la nueva conexi\u00f3n, el hospital cuente con un abastecimiento constante y adecuado de agua, lo que mejorar\u00eda las condiciones tanto para los pacientes como para el personal m\u00e9dico y administrativo.<\/p>\n","protected":false},"excerpt":{"rendered":"<p>Despu\u00e9s de 30 a\u00f1os de operar sin una toma de agua propia, el Hospital General de Tehuac\u00e1n finalmente cuenta con conexi\u00f3n al sistema de agua potable, lo que pone fin a una problem\u00e1tica que hab\u00eda afectado el funcionamiento del nosocomio, que anteriormente depend\u00eda de pipas para su abastecimiento. Este viernes, Juli\u00e1n Castillo Tenorio, director del [&hellip;]<\/p>\n","protected":false},"author":4,"featured_media":63738,"comment_status":"open","ping_status":"open","sticky":false,"template":"","format":"standard","meta":{"om_disable_all_campaigns":false,"_monsterinsights_skip_tracking":false,"_monsterinsights_sitenote_active":false,"_monsterinsights_sitenote_note":"","_monsterinsights_sitenote_category":0,"footnotes":""},"categories":[175,252],"tags":[],"class_list":["post-63737","post","type-post","status-publish","format-standard","has-post-thumbnail","hentry","category-local","category-salud"],"amp_enabled":true,"_links":{"self":[{"href":"https:\/\/lahora.mx\/index.php\/wp-json\/wp\/v2\/posts\/63737","targetHints":{"allow":["GET"]}}],"collection":[{"href":"https:\/\/lahora.mx\/index.php\/wp-json\/wp\/v2\/posts"}],"about":[{"href":"https:\/\/lahora.mx\/index.php\/wp-json\/wp\/v2\/types\/post"}],"author":[{"embeddable":true,"href":"https:\/\/lahora.mx\/index.php\/wp-json\/wp\/v2\/users\/4"}],"replies":[{"embeddable":true,"href":"https:\/\/lahora.mx\/index.php\/wp-json\/wp\/v2\/comments?post=63737"}],"version-history":[{"count":1,"href":"https:\/\/lahora.mx\/index.php\/wp-json\/wp\/v2\/posts\/63737\/revisions"}],"predecessor-version":[{"id":63739,"href":"https:\/\/lahora.mx\/index.php\/wp-json\/wp\/v2\/posts\/63737\/revisions\/63739"}],"wp:featuredmedia":[{"embeddable":true,"href":"https:\/\/lahora.mx\/index.php\/wp-json\/wp\/v2\/media\/63738"}],"wp:attachment":[{"href":"https:\/\/lahora.mx\/index.php\/wp-json\/wp\/v2\/media?parent=63737"}],"wp:term":[{"taxonomy":"category","embeddable":true,"href":"https:\/\/lahora.mx\/index.php\/wp-json\/wp\/v2\/categories?post=63737"},{"taxonomy":"post_tag","embeddable":true,"href":"https:\/\/lahora.mx\/index.php\/wp-json\/wp\/v2\/tags?post=63737"}],"curies":[{"name":"wp","href":"https:\/\/api.w.org\/{rel}","templated":true}]}}