{"id":63733,"date":"2025-06-14T00:19:52","date_gmt":"2025-06-14T00:19:52","guid":{"rendered":"https:\/\/lahora.mx\/?p=63733"},"modified":"2025-06-14T00:20:04","modified_gmt":"2025-06-14T00:20:04","slug":"la-presidenta-claudia-sheinbaum-y-trump-rumbo-a-la-cumbre-del-g7-hay-chances-de-reunion","status":"publish","type":"post","link":"https:\/\/lahora.mx\/index.php\/2025\/06\/14\/la-presidenta-claudia-sheinbaum-y-trump-rumbo-a-la-cumbre-del-g7-hay-chances-de-reunion\/","title":{"rendered":"La presidenta Claudia Sheinbaum y Trump rumbo a la cumbre del G7; hay chances de reuni\u00f3n"},"content":{"rendered":"\n<p>La presidenta Claudia Sheinbaum se prepara para un posible encuentro con su hom\u00f3logo estadounidense, Donald Trump, en el marco de la Cumbre del G7 en Canad\u00e1, donde busca fortalecer la relaci\u00f3n bilateral entre M\u00e9xico y Estados Unidos.<\/p>\n\n\n\n<p>Durante su conferencia matutina desde Palacio Nacional, Sheinbaum indic\u00f3 que todo parece indicar que la reuni\u00f3n se concretar\u00e1, destacando la importancia de un di\u00e1logo que beneficie a ambas naciones.<\/p>\n\n\n\n<p>\u201cHoy nos dicen ya la confirmaci\u00f3n, pero todo parece indicar que s\u00ed nos reunimos con el presidente Trump en Canad\u00e1\u201d, expres\u00f3.<\/p>\n\n\n\n<p>Este encuentro, previsto para el pr\u00f3ximo martes 17 de junio en Kananaskis, Alberta, marcar\u00eda el primer encuentro cara a cara entre ambos l\u00edderes desde que asumieron sus cargos, Sheinbaum en octubre de 2024 y Trump en enero de 2025.<\/p>\n\n\n\n<p>\u00bfQu\u00e9 temas abordaran en el di\u00e1logo?<br>Sheinbaum adelant\u00f3 que llevar\u00e1 un mensaje enfocado en la colaboraci\u00f3n econ\u00f3mica y cultural. \u201cJuntos podemos competir mejor\u201d, expres\u00f3 la mandataria, subrayando la integraci\u00f3n econ\u00f3mica entre ambos pa\u00edses.<\/p>\n\n\n\n<p>La presidenta enfatiz\u00f3 que evitar conflictos comerciales es un inter\u00e9s mutuo, proponiendo un enfoque de di\u00e1logo para resolver temas como el comercio y la migraci\u00f3n.<\/p>\n\n\n\n<p>Este planteamiento busca contrarrestar las tensiones generadas por las pol\u00edticas proteccionistas de Trump, quien ha amenazado con imponer aranceles a las exportaciones mexicanas.<\/p>\n\n\n\n<p>Los migrantes est\u00e1n dentro de la agenda<br>Un punto central de la agenda ser\u00e1 la defensa de la comunidad migrante mexicana en Estados Unidos.<\/p>\n\n\n\n<p>Sheinbaum asegur\u00f3 que le recordar\u00e1 a Trump que los migrantes no son criminales, destacando su contribuci\u00f3n econ\u00f3mica y social en el pa\u00eds vecino.<\/p>\n\n\n\n<p>\u201cLe recordaremos que en muchos momentos \u00e9l ha reconocido a las y los mexicanos que viven all\u00e1 y que no son criminales, que son sencillamente personas que migraron por necesidad y que son parte ya de la vida de Estados Unidos\u201d, afirm\u00f3.<\/p>\n\n\n\n<p>Luego de que se le cuestion\u00f3 sobre los abusos cometidos contra migrantes en Estados Unidos, incluyendo el supuesto suicidio de dos mexicanos bajo custodia del Servicio de Control de Inmigraci\u00f3n y Aduanas (ICE por sus siglas en ingl\u00e9s) en circunstancias no esclarecidas, y la intensificaci\u00f3n del racismo, Sheinbaum afirm\u00f3 que ya ha manifestado su inconformidad ante autoridades estadounidenses, y lo har\u00e1 en la futura reuni\u00f3n con Donald Trump.<\/p>\n","protected":false},"excerpt":{"rendered":"<p>La presidenta Claudia Sheinbaum se prepara para un posible encuentro con su hom\u00f3logo estadounidense, Donald Trump, en el marco de la Cumbre del G7 en Canad\u00e1, donde busca fortalecer la relaci\u00f3n bilateral entre M\u00e9xico y Estados Unidos. Durante su conferencia matutina desde Palacio Nacional, Sheinbaum indic\u00f3 que todo parece indicar que la reuni\u00f3n se concretar\u00e1, [&hellip;]<\/p>\n","protected":false},"author":4,"featured_media":63734,"comment_status":"open","ping_status":"open","sticky":false,"template":"","format":"standard","meta":{"om_disable_all_campaigns":false,"_monsterinsights_skip_tracking":false,"_monsterinsights_sitenote_active":false,"_monsterinsights_sitenote_note":"","_monsterinsights_sitenote_category":0,"footnotes":""},"categories":[176],"tags":[],"class_list":["post-63733","post","type-post","status-publish","format-standard","has-post-thumbnail","hentry","category-nacional"],"amp_enabled":true,"_links":{"self":[{"href":"https:\/\/lahora.mx\/index.php\/wp-json\/wp\/v2\/posts\/63733","targetHints":{"allow":["GET"]}}],"collection":[{"href":"https:\/\/lahora.mx\/index.php\/wp-json\/wp\/v2\/posts"}],"about":[{"href":"https:\/\/lahora.mx\/index.php\/wp-json\/wp\/v2\/types\/post"}],"author":[{"embeddable":true,"href":"https:\/\/lahora.mx\/index.php\/wp-json\/wp\/v2\/users\/4"}],"replies":[{"embeddable":true,"href":"https:\/\/lahora.mx\/index.php\/wp-json\/wp\/v2\/comments?post=63733"}],"version-history":[{"count":2,"href":"https:\/\/lahora.mx\/index.php\/wp-json\/wp\/v2\/posts\/63733\/revisions"}],"predecessor-version":[{"id":63736,"href":"https:\/\/lahora.mx\/index.php\/wp-json\/wp\/v2\/posts\/63733\/revisions\/63736"}],"wp:featuredmedia":[{"embeddable":true,"href":"https:\/\/lahora.mx\/index.php\/wp-json\/wp\/v2\/media\/63734"}],"wp:attachment":[{"href":"https:\/\/lahora.mx\/index.php\/wp-json\/wp\/v2\/media?parent=63733"}],"wp:term":[{"taxonomy":"category","embeddable":true,"href":"https:\/\/lahora.mx\/index.php\/wp-json\/wp\/v2\/categories?post=63733"},{"taxonomy":"post_tag","embeddable":true,"href":"https:\/\/lahora.mx\/index.php\/wp-json\/wp\/v2\/tags?post=63733"}],"curies":[{"name":"wp","href":"https:\/\/api.w.org\/{rel}","templated":true}]}}