{"id":63719,"date":"2025-06-13T17:56:47","date_gmt":"2025-06-13T17:56:47","guid":{"rendered":"https:\/\/lahora.mx\/?p=63719"},"modified":"2025-06-13T17:56:47","modified_gmt":"2025-06-13T17:56:47","slug":"texas-levanta-muro-militar-por-protestas-trump-mantiene-control-castrense-en-california","status":"publish","type":"post","link":"https:\/\/lahora.mx\/index.php\/2025\/06\/13\/texas-levanta-muro-militar-por-protestas-trump-mantiene-control-castrense-en-california\/","title":{"rendered":"Texas levanta muro militar por protestas; Trump mantiene control castrense en California"},"content":{"rendered":"\n<p>Greg Abbott, gobernador de Texas, desplegar\u00e1 cinco mil elementos de la Guardia Nacional en apoyo a la polic\u00eda estatal ante las protestas previstas para el s\u00e1bado.<\/p>\n\n\n\n<p>Estos militares se suman a los dos mil agentes de Texas que enfrentan las protestas contra las medidas de migraci\u00f3n del presidente de EU. \u201cTexas no tolerar\u00e1 la anarqu\u00eda que hemos visto en Los \u00c1ngeles\u201d, afirm\u00f3 Abbott.<\/p>\n\n\n\n<p>Anoche, una corte de apelaciones suspendi\u00f3 la orden de un juez de San Francisco para sacar a la Guardia Nacional de Los \u00c1ngeles y devolver el mando de ese cuerpo al gobernador de California, Gavin Newsom, con lo que Trump gan\u00f3 un round legal.<\/p>\n\n\n\n<p>MILITARIZAN TEXAS ANTE PROTESTAS CONTRA TRUMP<\/p>\n\n\n\n<p>Greg Abbott, gobernador de Texas, orden\u00f3 ayer el despliegue de cinco mil elementos de la Guardia Nacional, como apoyo para los polic\u00edas estatales, ante las protestas programadas para el s\u00e1bado en al menos siete ciudades.<br>Las protestas pac\u00edficas son parte del tejido social de nuestra naci\u00f3n, pero Texas no tolerar\u00e1 la anarqu\u00eda que hemos visto en Los \u00c1ngeles en respuesta a la aplicaci\u00f3n de la ley de inmigraci\u00f3n por parte del presidente Donald Trump\u201d, inform\u00f3 Abbott en un comunicado.<\/p>\n\n\n\n<p>Estos agentes militares se suman a los dos mil polic\u00edas de Texas, para hacer frente a las protestas contra la medida de migraci\u00f3n del presidente de Estados Unidos, Donald Trump.<\/p>\n\n\n\n<p>Vamos a mantener la ley y el orden\u201d, agreg\u00f3 el funcionario quien ha reforzado las medidas antimigrantes con el muro flotante y alambres de p\u00faas y ha desplegado agentes en diversas funciones en la frontera con M\u00e9xico.<\/p>\n\n\n\n<p>Con su decisi\u00f3n, el funcionario republicano se convierte en el primer gobernador en desplegar tropas en respuesta a las protestas contra las redadas migratorias del presidente Donald Trump y ante su desfile militar planeado en Washington.<\/p>\n\n\n\n<p>De acuerdo con el peri\u00f3dico Houston Chronicle, este despliegue representa m\u00e1s de 20% de las fuerzas militares de la entidad del sur de Estados Unidos.<\/p>\n\n\n\n<p>Adem\u00e1s, equivale a la mitad de los oficiales comisionados del Departamento de Seguridad P\u00fablica (DPS).<\/p>\n\n\n\n<p>Medios locales reportaron que para el pr\u00f3ximo s\u00e1bado est\u00e1 planeada una ola de protestas contra el desfile militar de Donald Trump en Washington D.C, que coincide con la celebraci\u00f3n de su cumplea\u00f1os.<\/p>\n\n\n\n<p>Las movilizaciones, convocadas por el Movimiento Nacional 50501, est\u00e1n programadas en las ciudades de Houston, Austin, San<br>Antonio, Corpus Christi, Brenham, Lubbock y Huntsville.<\/p>\n\n\n\n<p>El gobierno de Abbott a\u00f1adi\u00f3 que los agentes est\u00e1n \u201cestrat\u00e9gicamente posicionados\u201d para reforzar a las fuerzas del orden estatal y locales ante cualquier actividad delictiva.<\/p>\n\n\n\n<p>En tanto, los agentes estatales est\u00e1n desplegados para responder a posibles actividades delictivas o violentas en estas protestas.<\/p>\n\n\n\n<p>La medida ha generado rechazo por parte de los dem\u00f3cratas, incluyendo a los representantes Joaqu\u00edn Castro y Greg Casar, quienes emitieron un comunicado conjunto en el que afirman que Abbott est\u00e1 intentando intimidar a la comunidad por manifestarse contra las pol\u00edticas del presidente Trump.<\/p>\n\n\n\n<p>Sin embargo, el mandatario estatal defendi\u00f3 su medida.<br>Los soldados de la Guardia Nacional de Texas y el Departamento de Seguridad P\u00fablica contin\u00faan colaborando con agentes de la Patrulla Fronteriza en el Valle del R\u00edo Grande\u201d, afirm\u00f3.<\/p>\n\n\n\n<p>Juntos, trabajan para arrestar a los traficantes de personas y a los inmigrantes ilegales. Texas est\u00e1 asegurando la frontera\u201d, expres\u00f3 el gobernante en su cuenta de X.<\/p>\n\n\n\n<p>En el mismo sentido, la secretaria de Seguridad Nacional, Kristi Noem, reiter\u00f3 que las personas sin estatus legal en el pa\u00eds tienen una alternativa inmediata: autodeportarse con un incentivo econ\u00f3mico de mil d\u00f3lares y un vuelo gratuito.<\/p>\n\n\n\n<p>V\u00e1yanse ahora. La autodeportaci\u00f3n es la mejor manera, la m\u00e1s segura y la m\u00e1s rentable de salir de los Estados Unidos para evitar ser arrestado\u201d, escribi\u00f3 la funcionaria en redes sociales.<\/p>\n\n\n\n<p>Si no te vas ahora, te encontraremos, te arrestaremos y te deportaremos\u201d, afirm\u00f3.<\/p>\n\n\n\n<p>La funcionaria federal fue interrogada sobre las m\u00e1s de 300 detenciones por las manifestaciones y el toque de queda posterior en Los \u00c1ngeles, California.<\/p>\n\n\n\n<p>Mi trabajo no es elegir qu\u00e9 leyes aplicamos y cu\u00e1les no\u201d, declar\u00f3.<\/p>\n\n\n\n<p>-Con informaci\u00f3n de AFP y Reuters<\/p>\n\n\n\n<p>ESCALA PLEITO JUDICIAL POR CONTROL DE TROPAS<br>Ayer creci\u00f3 el pleito judicial por el despliegue de la Guardia Nacional en California ante las protestas promigrantes.<\/p>\n\n\n\n<p>Un tribunal anul\u00f3 el fallo de un juez que pidi\u00f3 devolver al estado el control de las tropas. El tribunal dijo que celebrar\u00eda una audiencia sobre el asunto el 17 de junio.<\/p>\n\n\n\n<p>Previamente, un juzgado orden\u00f3 al presidente Donald Trump devolver el control de la Guardia Nacional al gobierno local.<\/p>\n\n\n\n<p>Sus acciones fueron ilegales. Por tanto, el presidente debe devolver de inmediato el control de la Guardia Nacional de California al gobernador del estado (Gavin Newsom)\u201d, dictamin\u00f3 el juez del caso, Charles Breyer.<\/p>\n\n\n\n<p>El funcionario calific\u00f3 de \u201cilegal\u201d la decisi\u00f3n del mandatario de desplegar esa fuerza para el control de disturbios en Los \u00c1ngeles.<\/p>\n\n\n\n<p>Ayer, en audiencia, California argument\u00f3 que el gobierno federal ya viol\u00f3 la ley al hacer que tropas de la Guardia Nacional ayuden a agentes en redadas.<\/p>\n\n\n\n<p>Sin embargo, Trump afirm\u00f3 que Los \u00c1ngeles se encuentra \u201csana y salva\u201d gracias al despliegue de miles de soldados y guardias nacionales para contener las protestas contra las redadas migratorias.<\/p>\n\n\n\n<p>El mandatario republicano orden\u00f3 el despliegue de cuatro mil elementos de la Guardia Nacional y 700 marines en servicio activo, la primera acci\u00f3n de este tipo por parte de un presidente en d\u00e9cadas.<\/p>\n\n\n\n<p>La Guardia Nacional, una fuerza armada de reserva, suele estar controlada por los gobernadores y se utiliza en respuesta a desastres naturales.<\/p>\n\n\n\n<p>Sus agentes reservistas no hab\u00edan sido desplegados por un presidente, contrario a la voluntad de un gobernador estatal desde 1965, en el marco del auge del movimiento por los derechos civiles.<\/p>\n\n\n\n<p>-AFP Y REUTERS<\/p>\n\n\n\n<p>SE QUEDAN 500 MIL SIN UN PERMISO HUMANITARIO<br>Tal como hab\u00eda amenazado, Estados Unidos anunci\u00f3 que notific\u00f3 a m\u00e1s de medio mill\u00f3n de migrantes de Cuba, Hait\u00ed, Nicaragua y Venezuela el fin de su permiso de residencia.<\/p>\n\n\n\n<p>El mandatario llam\u00f3 a autodeportarse a los beneficiados con la medida humanitaria.<\/p>\n\n\n\n<p>En un comunicado, el Departamento de Seguridad Interior (DHS, por sus siglas en ingl\u00e9s) anunci\u00f3 el env\u00edo de notificaciones sobre la cancelaci\u00f3n a los extranjeros que se beneficiaron del programa, llamado tambi\u00e9n CHNV, por las iniciales de los pa\u00edses.<\/p>\n\n\n\n<p>Los mensajes se enviar\u00e1n a las direcciones de correo electr\u00f3nico de los beneficiarios.<\/p>\n\n\n\n<p>Se les informar\u00e1 que su autorizaci\u00f3n de empleo ha sido revocada, con efecto inmediato\u201d, a\u00f1adi\u00f3 la nota.<\/p>\n\n\n\n<p>El gobierno de Biden le minti\u00f3 a Estados Unidos. Permiti\u00f3 que m\u00e1s de medio mill\u00f3n de extranjeros de Cuba, Hait\u00ed, Nicaragua y Venezuela, y sus familiares directos, con una investigaci\u00f3n deficiente, entraran a Estados Unidos a trav\u00e9s de estos desastrosos programas\u201d, expres\u00f3 Tricia McLaughlin, portavoz del DHS.<\/p>\n\n\n\n<p>En 2022, el entonces presidente Joe Biden otorg\u00f3 un parole humanitario para que un grupo de venezolanos pudiera entrar legalmente y en 2023 ampli\u00f3 la medida al resto de nacionalidades.<\/p>\n","protected":false},"excerpt":{"rendered":"<p>Greg Abbott, gobernador de Texas, desplegar\u00e1 cinco mil elementos de la Guardia Nacional en apoyo a la polic\u00eda estatal ante las protestas previstas para el s\u00e1bado. Estos militares se suman a los dos mil agentes de Texas que enfrentan las protestas contra las medidas de migraci\u00f3n del presidente de EU. \u201cTexas no tolerar\u00e1 la anarqu\u00eda [&hellip;]<\/p>\n","protected":false},"author":4,"featured_media":63720,"comment_status":"open","ping_status":"open","sticky":false,"template":"","format":"standard","meta":{"om_disable_all_campaigns":false,"_monsterinsights_skip_tracking":false,"_monsterinsights_sitenote_active":false,"_monsterinsights_sitenote_note":"","_monsterinsights_sitenote_category":0,"footnotes":""},"categories":[183],"tags":[],"class_list":["post-63719","post","type-post","status-publish","format-standard","has-post-thumbnail","hentry","category-internacional"],"amp_enabled":true,"_links":{"self":[{"href":"https:\/\/lahora.mx\/index.php\/wp-json\/wp\/v2\/posts\/63719","targetHints":{"allow":["GET"]}}],"collection":[{"href":"https:\/\/lahora.mx\/index.php\/wp-json\/wp\/v2\/posts"}],"about":[{"href":"https:\/\/lahora.mx\/index.php\/wp-json\/wp\/v2\/types\/post"}],"author":[{"embeddable":true,"href":"https:\/\/lahora.mx\/index.php\/wp-json\/wp\/v2\/users\/4"}],"replies":[{"embeddable":true,"href":"https:\/\/lahora.mx\/index.php\/wp-json\/wp\/v2\/comments?post=63719"}],"version-history":[{"count":1,"href":"https:\/\/lahora.mx\/index.php\/wp-json\/wp\/v2\/posts\/63719\/revisions"}],"predecessor-version":[{"id":63721,"href":"https:\/\/lahora.mx\/index.php\/wp-json\/wp\/v2\/posts\/63719\/revisions\/63721"}],"wp:featuredmedia":[{"embeddable":true,"href":"https:\/\/lahora.mx\/index.php\/wp-json\/wp\/v2\/media\/63720"}],"wp:attachment":[{"href":"https:\/\/lahora.mx\/index.php\/wp-json\/wp\/v2\/media?parent=63719"}],"wp:term":[{"taxonomy":"category","embeddable":true,"href":"https:\/\/lahora.mx\/index.php\/wp-json\/wp\/v2\/categories?post=63719"},{"taxonomy":"post_tag","embeddable":true,"href":"https:\/\/lahora.mx\/index.php\/wp-json\/wp\/v2\/tags?post=63719"}],"curies":[{"name":"wp","href":"https:\/\/api.w.org\/{rel}","templated":true}]}}