{"id":63713,"date":"2025-06-13T17:15:59","date_gmt":"2025-06-13T17:15:59","guid":{"rendered":"https:\/\/lahora.mx\/?p=63713"},"modified":"2025-06-13T18:16:32","modified_gmt":"2025-06-13T18:16:32","slug":"reconoce-claudia-sheinbaum-plan-de-atencion-a-migrantes-poblanos-implementado-por-alejandro-armenta","status":"publish","type":"post","link":"https:\/\/lahora.mx\/index.php\/2025\/06\/13\/reconoce-claudia-sheinbaum-plan-de-atencion-a-migrantes-poblanos-implementado-por-alejandro-armenta\/","title":{"rendered":"Reconoce Claudia Sheinbaum plan de atenci\u00f3n a migrantes poblanos implementado por Alejandro Armenta"},"content":{"rendered":"\n<p>El plan de atenci\u00f3n a migrantes poblanos en Estados Unidos implementado por el gobernador del estado, Alejandro Armenta Mier permitir\u00e1 tener una comunicaci\u00f3n constante con ellos para brindarles atenci\u00f3n ante las deportaciones que la administraci\u00f3n de Donald Trump est\u00e1 implementando, reconoci\u00f3 la presidenta de la Rep\u00fablica, Claudia Sheinbaum Pardo.<\/p>\n\n\n\n<p>Durante su conferencia de prensa matutina realizada en Palacio Nacional, la mandataria expres\u00f3 su respaldo a los mexicanos radicados en la Uni\u00f3n Americana, reconociendo su colaboraci\u00f3n en el desarrollo econ\u00f3mico de los Estados Unidos gracias a su trabajo en el campo y f\u00e1bricas, as\u00ed como en la prestaci\u00f3n de servicios y otras industrias.<\/p>\n\n\n\n<p>A su vez, lament\u00f3 el fallecimiento de un mexicano detenido por el Centro de Detenci\u00f3n del Servicio de Inmigraci\u00f3n y Control de Aduanas de Estados Unidos (ICE, por sus siglas en ingl\u00e9s), registrado la noche del pasado del pasado 12 de junio en Stewart, Georgia, el cual, adelant\u00f3 ser\u00e1 investigado por la Secretar\u00eda de Relaciones Exteriores (SER).<br>Trabajadores de la Salud reclaman a Claudia Sheinbaum incumplimiento de bases en el IMSS-Bienestar<br>Detallaron que hoy carecen de prestaciones de ley, seguridad social y un salario justo, pues asciende a tres mil 200 pesos<br>En ese sentido, exhort\u00f3 a los mexicanos que viven en Estados Unidos, principalmente, en Los \u00c1ngeles, California a evitar la violencia y las provocaciones en las protestas que se han realizado en dicha ciudad desde hace una semana, as\u00ed como a mantener la calma ante el panorama que adverso que se desarrolla en la Uni\u00f3n Americana.<\/p>\n\n\n\n<p>Se solicit\u00f3 m\u00e1s informaci\u00f3n para conocer las condiciones en las que ocurri\u00f3 su fallecimiento. Nosotros siempre vamos a velar por el respeto a los derechos humanos de los mexicanos en el exterior (\u2026), nosotros seguiremos promoviendo la paz, el di\u00e1logo, no estamos de acuerdo con ninguna acci\u00f3n violenta de este tipo<br>declar\u00f3.<br>Por lo anterior, la titular del Ejecutivo federal hizo un llamado a su hom\u00f3logo de los Estados Unidos, Donald Trump a respetar los derechos y el trabajo de los mexicanos y la comunidad migrante proveniente de otros pa\u00edses, cuyas vidas y familias est\u00e1n siendo fragmentadas por las medidas implementadas en su segundo mandato.<br><br>Reconoce trabajado de gobernadores con comunidad migrante<br>Al respecto, Sheinbaum Pardo reconoci\u00f3 el trabajo del gobernador del estado, Alejandro Armenta Mier, quien anunci\u00f3 un plan de atenci\u00f3n jur\u00eddica para migrantes poblanos, el cual contempla la conformaci\u00f3n de una comisi\u00f3n de abogados quienes brindar\u00e1n acompa\u00f1amiento legal a connacionales que radican en ciudades como Los \u00c1ngeles o Nueva York.<br>Mujeres sobrevivientes de violencia vicaria exigen justicia durante visita de Claudia Sheinbaum a Puebla<br>Ante esto, personal del equipo de ayudant\u00eda de la mandataria se acerc\u00f3 para recibir la informaci\u00f3n, comprometi\u00e9ndose a entreg\u00e1rsela directamente a Claudia Sheinbaum<br>Celebr\u00f3 que gobernadores de estados como Puebla y Oaxaca est\u00e9n trabajando por mantener una comunicaci\u00f3n permanente con sus comunidades migrantes en Estados Unidos, pues, asegur\u00f3 que estas medidas contribuir\u00e1n a la defensa de los derechos humanos de los mexicanos en la Uni\u00f3n Americana.<\/p>\n\n\n\n<p>Hay mucha relaci\u00f3n de los gobernadores con su comunidades en Estados Unidos, est\u00e1 el caso de Puebla, Oaxaca tambi\u00e9n, tiene mucha comunicaci\u00f3n todos los estados de la Rep\u00fablica, particularmente aquellos estados que tienen m\u00e1s migrantes (\u2026), hay mucha comunicaci\u00f3n, los gobernadores lo que est\u00e1n haciendo es entrar en contacto con sus comunidades para apoyarlos en todo lo que se requiera<br>mencion\u00f3.<br><\/p>\n","protected":false},"excerpt":{"rendered":"<p>El plan de atenci\u00f3n a migrantes poblanos en Estados Unidos implementado por el gobernador del estado, Alejandro Armenta Mier permitir\u00e1 tener una comunicaci\u00f3n constante con ellos para brindarles atenci\u00f3n ante las deportaciones que la administraci\u00f3n de Donald Trump est\u00e1 implementando, reconoci\u00f3 la presidenta de la Rep\u00fablica, Claudia Sheinbaum Pardo. Durante su conferencia de prensa matutina [&hellip;]<\/p>\n","protected":false},"author":4,"featured_media":63714,"comment_status":"open","ping_status":"open","sticky":false,"template":"","format":"standard","meta":{"om_disable_all_campaigns":false,"_monsterinsights_skip_tracking":false,"_monsterinsights_sitenote_active":false,"_monsterinsights_sitenote_note":"","_monsterinsights_sitenote_category":0,"footnotes":""},"categories":[176],"tags":[195],"class_list":["post-63713","post","type-post","status-publish","format-standard","has-post-thumbnail","hentry","category-nacional","tag-principal"],"amp_enabled":true,"_links":{"self":[{"href":"https:\/\/lahora.mx\/index.php\/wp-json\/wp\/v2\/posts\/63713","targetHints":{"allow":["GET"]}}],"collection":[{"href":"https:\/\/lahora.mx\/index.php\/wp-json\/wp\/v2\/posts"}],"about":[{"href":"https:\/\/lahora.mx\/index.php\/wp-json\/wp\/v2\/types\/post"}],"author":[{"embeddable":true,"href":"https:\/\/lahora.mx\/index.php\/wp-json\/wp\/v2\/users\/4"}],"replies":[{"embeddable":true,"href":"https:\/\/lahora.mx\/index.php\/wp-json\/wp\/v2\/comments?post=63713"}],"version-history":[{"count":1,"href":"https:\/\/lahora.mx\/index.php\/wp-json\/wp\/v2\/posts\/63713\/revisions"}],"predecessor-version":[{"id":63715,"href":"https:\/\/lahora.mx\/index.php\/wp-json\/wp\/v2\/posts\/63713\/revisions\/63715"}],"wp:featuredmedia":[{"embeddable":true,"href":"https:\/\/lahora.mx\/index.php\/wp-json\/wp\/v2\/media\/63714"}],"wp:attachment":[{"href":"https:\/\/lahora.mx\/index.php\/wp-json\/wp\/v2\/media?parent=63713"}],"wp:term":[{"taxonomy":"category","embeddable":true,"href":"https:\/\/lahora.mx\/index.php\/wp-json\/wp\/v2\/categories?post=63713"},{"taxonomy":"post_tag","embeddable":true,"href":"https:\/\/lahora.mx\/index.php\/wp-json\/wp\/v2\/tags?post=63713"}],"curies":[{"name":"wp","href":"https:\/\/api.w.org\/{rel}","templated":true}]}}