{"id":63710,"date":"2025-06-13T17:09:55","date_gmt":"2025-06-13T17:09:55","guid":{"rendered":"https:\/\/lahora.mx\/?p=63710"},"modified":"2025-06-13T17:09:56","modified_gmt":"2025-06-13T17:09:56","slug":"detienen-a-presunto-asaltante-de-barberia-en-momoxpan-con-dosis-de-cristal","status":"publish","type":"post","link":"https:\/\/lahora.mx\/index.php\/2025\/06\/13\/detienen-a-presunto-asaltante-de-barberia-en-momoxpan-con-dosis-de-cristal\/","title":{"rendered":"Detienen a presunto asaltante de barber\u00eda en Momoxpan con dosis de cristal"},"content":{"rendered":"\n<p>Elementos de la Secretar\u00eda de Seguridad Ciudadana de San Pedro Cholula (SSC) detuvieron a Alan \u201cN\u201d, de 20 a\u00f1os de edad, se\u00f1alado como uno de los presuntos responsables del asalto a una barber\u00eda ubicada sobre la avenida Revoluci\u00f3n Poniente, en la junta auxiliar de Santiago Momoxpan.<\/p>\n\n\n\n<p>La detenci\u00f3n se llev\u00f3 a cabo durante un recorrido de vigilancia en la junta auxiliar de Rafael \u00c1vila Camacho, Manantiales, como parte del Operativo Junta Auxiliar Segura.<\/p>\n\n\n\n<p>De acuerdo con el informe policial, el detenido se encontraba a bordo de una motocicleta cuando fue observado mientras intercambiaba un paquete envuelto en pl\u00e1stico por dinero en efectivo con otro sujeto.<\/p>\n\n\n\n<p>Al notar la presencia de los agentes, uno de los individuos arroj\u00f3 tres bolsitas con una sustancia granulada, por lo que los oficiales procedieron a revisarlos.<\/p>\n\n\n\n<p>Tras una inspecci\u00f3n preventiva, los elementos localizaron entre sus pertenencias otras 47 bolsitas con una sustancia con caracter\u00edsticas similares a la droga conocida como \u201ccristal\u201d, en una cantidad superior a la permitida por la Ley General de Salud para consumo personal.<\/p>\n\n\n\n<p>Al respecto, Alan \u201cN\u201d fue puesto a disposici\u00f3n de la Fiscal\u00eda General del Estado (FGE) por su probable responsabilidad en delitos contra la salud, en su modalidad de posesi\u00f3n con fines de suministro.<\/p>\n\n\n\n<p>Seg\u00fan informaci\u00f3n recabada por las autoridades, el detenido estar\u00eda vinculado con al menos seis robos de veh\u00edculos en distintos puntos del municipio, as\u00ed como con una c\u00e9lula delictiva presuntamente activa en San Pedro Cholula, San Andr\u00e9s Cholula, Cuautlancingo y Puebla.<\/p>\n\n\n\n<p>La SSC Cholula inform\u00f3 que contin\u00faa con las investigaciones y la b\u00fasqueda de otros dos posibles implicados en los hechos, con el objetivo de esclarecer los casos en los que el detenido podr\u00eda estar relacionado, como el asalto de una barber\u00eda en Momoxpan.<\/p>\n","protected":false},"excerpt":{"rendered":"<p>Elementos de la Secretar\u00eda de Seguridad Ciudadana de San Pedro Cholula (SSC) detuvieron a Alan \u201cN\u201d, de 20 a\u00f1os de edad, se\u00f1alado como uno de los presuntos responsables del asalto a una barber\u00eda ubicada sobre la avenida Revoluci\u00f3n Poniente, en la junta auxiliar de Santiago Momoxpan. La detenci\u00f3n se llev\u00f3 a cabo durante un recorrido [&hellip;]<\/p>\n","protected":false},"author":4,"featured_media":63711,"comment_status":"open","ping_status":"open","sticky":false,"template":"","format":"standard","meta":{"om_disable_all_campaigns":false,"_monsterinsights_skip_tracking":false,"_monsterinsights_sitenote_active":false,"_monsterinsights_sitenote_note":"","_monsterinsights_sitenote_category":0,"footnotes":""},"categories":[175,226],"tags":[223],"class_list":["post-63710","post","type-post","status-publish","format-standard","has-post-thumbnail","hentry","category-local","category-policia","tag-puebla"],"amp_enabled":true,"_links":{"self":[{"href":"https:\/\/lahora.mx\/index.php\/wp-json\/wp\/v2\/posts\/63710","targetHints":{"allow":["GET"]}}],"collection":[{"href":"https:\/\/lahora.mx\/index.php\/wp-json\/wp\/v2\/posts"}],"about":[{"href":"https:\/\/lahora.mx\/index.php\/wp-json\/wp\/v2\/types\/post"}],"author":[{"embeddable":true,"href":"https:\/\/lahora.mx\/index.php\/wp-json\/wp\/v2\/users\/4"}],"replies":[{"embeddable":true,"href":"https:\/\/lahora.mx\/index.php\/wp-json\/wp\/v2\/comments?post=63710"}],"version-history":[{"count":1,"href":"https:\/\/lahora.mx\/index.php\/wp-json\/wp\/v2\/posts\/63710\/revisions"}],"predecessor-version":[{"id":63712,"href":"https:\/\/lahora.mx\/index.php\/wp-json\/wp\/v2\/posts\/63710\/revisions\/63712"}],"wp:featuredmedia":[{"embeddable":true,"href":"https:\/\/lahora.mx\/index.php\/wp-json\/wp\/v2\/media\/63711"}],"wp:attachment":[{"href":"https:\/\/lahora.mx\/index.php\/wp-json\/wp\/v2\/media?parent=63710"}],"wp:term":[{"taxonomy":"category","embeddable":true,"href":"https:\/\/lahora.mx\/index.php\/wp-json\/wp\/v2\/categories?post=63710"},{"taxonomy":"post_tag","embeddable":true,"href":"https:\/\/lahora.mx\/index.php\/wp-json\/wp\/v2\/tags?post=63710"}],"curies":[{"name":"wp","href":"https:\/\/api.w.org\/{rel}","templated":true}]}}