{"id":63706,"date":"2025-06-12T16:53:50","date_gmt":"2025-06-12T16:53:50","guid":{"rendered":"https:\/\/lahora.mx\/?p=63706"},"modified":"2025-06-13T16:56:39","modified_gmt":"2025-06-13T16:56:39","slug":"finaliza-smart-city-expo-latam-2025-puebla-figura-como-ciudad-inteligente-y-sostenible","status":"publish","type":"post","link":"https:\/\/lahora.mx\/index.php\/2025\/06\/12\/finaliza-smart-city-expo-latam-2025-puebla-figura-como-ciudad-inteligente-y-sostenible\/","title":{"rendered":"Finaliza Smart City Expo LATAM 2025: Puebla figura como ciudad inteligente y sostenible"},"content":{"rendered":"\n<p>El Smart City Expo LATAM Congress concluy\u00f3 su d\u00e9cima edici\u00f3n en Puebla, reafirmando el compromiso de la ciudad con el desarrollo urbano sostenible y la transformaci\u00f3n digital. El evento reuni\u00f3 a importantes actores de los sectores gubernamental, acad\u00e9mico, privado y organismos internacionales.<\/p>\n\n\n\n<p>El presidente municipal, Pepe Chedraui Budib, destac\u00f3 los exitosos resultados de esta edici\u00f3n. Agradeci\u00f3 la participaci\u00f3n de todos los asistentes, organizadores e integrantes del gabinete municipal. Expres\u00f3 su deseo de que la pr\u00f3xima edici\u00f3n, tambi\u00e9n en Puebla, supere las expectativas.<\/p>\n\n\n\n<p><br>\u201cMalinchismo\u201d, el reto de vender autos el\u00e9ctricos mexicanos en el mercado local<br>Es parad\u00f3jico que son manos mexicanas las que ensamblan veh\u00edculos para empresas extranjeras y son adquiridos en el pa\u00eds<br>El edil tambi\u00e9n extendi\u00f3 un reconocimiento al gobernador del estado, Alejandro Armenta, por su contribuci\u00f3n para hacer de esta edici\u00f3n un evento memorable. Se resalt\u00f3 la gran afluencia de p\u00fablico y la valiosa aportaci\u00f3n de los ponentes.<\/p>\n\n\n\n<p>Los participantes compartieron su visi\u00f3n para hacer de Puebla una ciudad m\u00e1s innovadora y tecnol\u00f3gica, promoviendo la igualdad de oportunidades para todos sus habitantes.<\/p>\n\n\n\n<p>V\u00edctor Gabriel Chedraui, secretario de Desarrollo Econ\u00f3mico y Trabajo, en representaci\u00f3n del gobernador Alejandro Armenta, subray\u00f3 la trayectoria del Congreso. A m\u00e1s de diez a\u00f1os de su fundaci\u00f3n, el evento se ha consolidado como una fuerza colectiva que trasciende fronteras.<\/p>\n\n\n\n<p>Finaliza Smart City Expo LATAM 2025: Puebla figura como ciudad inteligente y sostenible<br>\/ Foto: Ayuntamiento de Puebla<br>Bajo el lema \u201cCreando oportunidades, reduciendo brechas\u201d, esta edici\u00f3n propici\u00f3 el intercambio de ideas, soluciones y, sobre todo, la generaci\u00f3n de numerosos compromisos para el futuro.<\/p>\n\n\n\n<p>Manuel Redondo, presidente de PRONUS y del Smart City Expo LATAM Congress, enfatiz\u00f3 que los resultados de esta edici\u00f3n han sido los m\u00e1s trascendentes. El Congreso se consolida como un espacio l\u00edder en la generaci\u00f3n de proyectos para Am\u00e9rica Latina.<\/p>\n\n\n\n<p>Asimismo, Redondo reconoci\u00f3 la contribuci\u00f3n del gobierno municipal para posicionar a Puebla como un referente en el \u00e1mbito de las ciudades inteligentes. \u201cRealmente estamos cambiando vidas con esta visi\u00f3n y con lo que hacemos y hemos hecho aqu\u00ed en Puebla estos tres d\u00edas\u201d, afirm\u00f3.<\/p>\n\n\n\n<p><br>Marcus Dantus consider\u00f3 que la ciudad de Puebla tiene un alto potencial<br>Durante el encuentro se abordaron temas clave como la inteligencia artificial aplicada a los servicios p\u00fablicos, la infraestructura verde, la gobernanza digital y la equidad urbana.<\/p>\n\n\n\n<p>El Congreso tambi\u00e9n sirvi\u00f3 para fortalecer las redes de colaboraci\u00f3n entre gobiernos y sectores productivos de diferentes pa\u00edses. En la ceremonia de clausura, los asistentes destacaron los avances logrados durante los tres d\u00edas de trabajo, que congregaron a m\u00e1s de 10 mil personas.<\/p>\n","protected":false},"excerpt":{"rendered":"<p>El Smart City Expo LATAM Congress concluy\u00f3 su d\u00e9cima edici\u00f3n en Puebla, reafirmando el compromiso de la ciudad con el desarrollo urbano sostenible y la transformaci\u00f3n digital. El evento reuni\u00f3 a importantes actores de los sectores gubernamental, acad\u00e9mico, privado y organismos internacionales. El presidente municipal, Pepe Chedraui Budib, destac\u00f3 los exitosos resultados de esta edici\u00f3n. [&hellip;]<\/p>\n","protected":false},"author":4,"featured_media":63707,"comment_status":"open","ping_status":"open","sticky":false,"template":"","format":"standard","meta":{"om_disable_all_campaigns":false,"_monsterinsights_skip_tracking":false,"_monsterinsights_sitenote_active":false,"_monsterinsights_sitenote_note":"","_monsterinsights_sitenote_category":0,"footnotes":""},"categories":[175],"tags":[223],"class_list":["post-63706","post","type-post","status-publish","format-standard","has-post-thumbnail","hentry","category-local","tag-puebla"],"amp_enabled":true,"_links":{"self":[{"href":"https:\/\/lahora.mx\/index.php\/wp-json\/wp\/v2\/posts\/63706","targetHints":{"allow":["GET"]}}],"collection":[{"href":"https:\/\/lahora.mx\/index.php\/wp-json\/wp\/v2\/posts"}],"about":[{"href":"https:\/\/lahora.mx\/index.php\/wp-json\/wp\/v2\/types\/post"}],"author":[{"embeddable":true,"href":"https:\/\/lahora.mx\/index.php\/wp-json\/wp\/v2\/users\/4"}],"replies":[{"embeddable":true,"href":"https:\/\/lahora.mx\/index.php\/wp-json\/wp\/v2\/comments?post=63706"}],"version-history":[{"count":1,"href":"https:\/\/lahora.mx\/index.php\/wp-json\/wp\/v2\/posts\/63706\/revisions"}],"predecessor-version":[{"id":63708,"href":"https:\/\/lahora.mx\/index.php\/wp-json\/wp\/v2\/posts\/63706\/revisions\/63708"}],"wp:featuredmedia":[{"embeddable":true,"href":"https:\/\/lahora.mx\/index.php\/wp-json\/wp\/v2\/media\/63707"}],"wp:attachment":[{"href":"https:\/\/lahora.mx\/index.php\/wp-json\/wp\/v2\/media?parent=63706"}],"wp:term":[{"taxonomy":"category","embeddable":true,"href":"https:\/\/lahora.mx\/index.php\/wp-json\/wp\/v2\/categories?post=63706"},{"taxonomy":"post_tag","embeddable":true,"href":"https:\/\/lahora.mx\/index.php\/wp-json\/wp\/v2\/tags?post=63706"}],"curies":[{"name":"wp","href":"https:\/\/api.w.org\/{rel}","templated":true}]}}