{"id":63700,"date":"2025-06-13T16:34:35","date_gmt":"2025-06-13T16:34:35","guid":{"rendered":"https:\/\/lahora.mx\/?p=63700"},"modified":"2025-06-13T16:34:36","modified_gmt":"2025-06-13T16:34:36","slug":"por-despojo-a-inmueble-vinculan-a-proceso-a-integrante-de-la-28-de-octubre","status":"publish","type":"post","link":"https:\/\/lahora.mx\/index.php\/2025\/06\/13\/por-despojo-a-inmueble-vinculan-a-proceso-a-integrante-de-la-28-de-octubre\/","title":{"rendered":"Por despojo a inmueble vinculan a proceso a integrante de la 28 de Octubre"},"content":{"rendered":"\n<p>Por el delito de despojo a un inmueble en la colonia Popular Coatepec, Antonio, un integrante de Uni\u00f3n Popular de Vendedores Ambulantes 28 de Octubre (UPVA 28 de Octubre), fue vinculado a proceso y le dictaron medida cautelar de prisi\u00f3n preventiva.<\/p>\n\n\n\n<p>Durante una audiencia que se llev\u00f3 a cabo el 12 de junio en la Casa de Justicia Puebla, un juez de control determin\u00f3 que en la carpeta de investigaci\u00f3n 1148\/2025\/PUEBLA existen las pruebas para vincular al detenido.<\/p>\n\n\n\n<p>Las investigaciones se\u00f1alaron que el 26 de julio de 2019, Antonio, junto con un sujeto identificado como su asesor legal, presuntamente ingresaron de forma violenta a un inmueble ubicado en la 11 Sur 10341.<\/p>\n\n\n\n<p>\u00ab(\u2026) junto con un grupo de aproximadamente 130 personas, al inmueble ubicado en calle 11 Sur 10341, en la colonia Popular Coatepec, de la ciudad de Puebla, utilizando objetos como tubos, machetes, palos, picos e incluso un dispositivo de descarga el\u00e9ctrica conocido como taser\u201d, inform\u00f3 la Fiscal\u00eda General del Estado (FGE) de Puebla.<\/p>\n\n\n\n<p>Despu\u00e9s de la agresi\u00f3n los supuestos integrantes de la UPVA 28 de Octubre instalaron carpas y veh\u00edculos para impedir el acceso de quienes ejerc\u00edan la posesi\u00f3n legal del inmueble.<\/p>\n\n\n\n<p>La sangre de la 28 de Octubre en lo que va del a\u00f1o<br>El 29 de abril un juez de control vincul\u00f3 a proceso a \u00c1ngel, &#8216;Cuco&#8217;, integrante del Frente de Rutas del Transporte Popular de Pasajeros 28 de Octubre, por el delito de homicidio calificado y en grado de tentativa.<\/p>\n\n\n\n<p>De acuerdo con las autoridades, \u00c1ngel es investigado por su posible participaci\u00f3n en la pelea en donde falleci\u00f3 un conductor del transporte p\u00fablico en San Andr\u00e9s Azumiatla, hecho que ocurri\u00f3 el 10 de marzo.<\/p>\n\n\n\n<p>El mi\u00e9rcoles de esta semana N\u00e9stor Jes\u00fas Gardu\u00f1o, coordinador de la UPVA 28 de Octubre, falleci\u00f3 por una lesi\u00f3n de bala que recibi\u00f3 un d\u00eda antes cuando conduc\u00eda por la colonia Valle Dorado. Por la agresi\u00f3n no se reportaron detenidos.<\/p>\n\n\n\n<p>\u00abLa UPVA 28 de Octubre condena en\u00e9rgicamente el atentado a balazos contra su vida que sufri\u00f3 el compa\u00f1ero N\u00e9stor Jes\u00fas Gardu\u00f1o a manos de un sicario que cubr\u00eda su rostro con un casco negro, y que probablemente no estaba solo\u00bb, manifest\u00f3 la organizaci\u00f3n de comerciantes.<\/p>\n","protected":false},"excerpt":{"rendered":"<p>Por el delito de despojo a un inmueble en la colonia Popular Coatepec, Antonio, un integrante de Uni\u00f3n Popular de Vendedores Ambulantes 28 de Octubre (UPVA 28 de Octubre), fue vinculado a proceso y le dictaron medida cautelar de prisi\u00f3n preventiva. Durante una audiencia que se llev\u00f3 a cabo el 12 de junio en la [&hellip;]<\/p>\n","protected":false},"author":4,"featured_media":63701,"comment_status":"open","ping_status":"open","sticky":false,"template":"","format":"standard","meta":{"om_disable_all_campaigns":false,"_monsterinsights_skip_tracking":false,"_monsterinsights_sitenote_active":false,"_monsterinsights_sitenote_note":"","_monsterinsights_sitenote_category":0,"footnotes":""},"categories":[175,226],"tags":[223],"class_list":["post-63700","post","type-post","status-publish","format-standard","has-post-thumbnail","hentry","category-local","category-policia","tag-puebla"],"amp_enabled":true,"_links":{"self":[{"href":"https:\/\/lahora.mx\/index.php\/wp-json\/wp\/v2\/posts\/63700","targetHints":{"allow":["GET"]}}],"collection":[{"href":"https:\/\/lahora.mx\/index.php\/wp-json\/wp\/v2\/posts"}],"about":[{"href":"https:\/\/lahora.mx\/index.php\/wp-json\/wp\/v2\/types\/post"}],"author":[{"embeddable":true,"href":"https:\/\/lahora.mx\/index.php\/wp-json\/wp\/v2\/users\/4"}],"replies":[{"embeddable":true,"href":"https:\/\/lahora.mx\/index.php\/wp-json\/wp\/v2\/comments?post=63700"}],"version-history":[{"count":1,"href":"https:\/\/lahora.mx\/index.php\/wp-json\/wp\/v2\/posts\/63700\/revisions"}],"predecessor-version":[{"id":63702,"href":"https:\/\/lahora.mx\/index.php\/wp-json\/wp\/v2\/posts\/63700\/revisions\/63702"}],"wp:featuredmedia":[{"embeddable":true,"href":"https:\/\/lahora.mx\/index.php\/wp-json\/wp\/v2\/media\/63701"}],"wp:attachment":[{"href":"https:\/\/lahora.mx\/index.php\/wp-json\/wp\/v2\/media?parent=63700"}],"wp:term":[{"taxonomy":"category","embeddable":true,"href":"https:\/\/lahora.mx\/index.php\/wp-json\/wp\/v2\/categories?post=63700"},{"taxonomy":"post_tag","embeddable":true,"href":"https:\/\/lahora.mx\/index.php\/wp-json\/wp\/v2\/tags?post=63700"}],"curies":[{"name":"wp","href":"https:\/\/api.w.org\/{rel}","templated":true}]}}