{"id":63694,"date":"2025-06-13T15:25:35","date_gmt":"2025-06-13T15:25:35","guid":{"rendered":"https:\/\/lahora.mx\/?p=63694"},"modified":"2025-06-13T15:25:35","modified_gmt":"2025-06-13T15:25:35","slug":"en-preescolar-de-izucar-detectan-brote-de-coxsackie","status":"publish","type":"post","link":"https:\/\/lahora.mx\/index.php\/2025\/06\/13\/en-preescolar-de-izucar-detectan-brote-de-coxsackie\/","title":{"rendered":"En preescolar de Iz\u00facar detectan brote de Coxsackie"},"content":{"rendered":"\n<p>En el preescolar Ernesto Herrera Acevedo, ubicado en el barrio de Santa Catarina en el municipio de Iz\u00facar de Matamoros, padres de familia han dado a conocer que por lo menos ya existen ocho casos de ni\u00f1os y ni\u00f1as que fueron diagnosticados con virus Coxsackie.<\/p>\n\n\n\n<p>Los padres mencionaron que estos menores no acuden temporalmente a la instituci\u00f3n para no contagiar a m\u00e1s peque\u00f1os, sin embargo, la situaci\u00f3n es preocupante entre los padres de familia, puesto que temen que esto se pueda salir de control generando m\u00e1s contagios.<\/p>\n\n\n\n<p>Por lo anterior, hicieron un llamado a los directivos del preescolar a que llevaran a cabo la aplicaci\u00f3n de los protocolos sanitarios con el objetivo de prevenir y manejar de manera efectiva este tipo de enfermedades y brotes virales, asimismo, a las autoridades de salud para que intervengan y ya no se registren m\u00e1s casos.<\/p>\n\n\n\n<p>Es importante destacar que hace unos d\u00edas la Secretar\u00eda de Salud de Puebla, inst\u00f3 a los directivos de todos los niveles educativos particularmente en jardines de ni\u00f1os a reforzar las medidas de control sanitario, incluyendo la implementaci\u00f3n de filtros escolares, el uso de gel anti-bacterial, y si es necesario el uso de cubrebocas.<\/p>\n","protected":false},"excerpt":{"rendered":"<p>En el preescolar Ernesto Herrera Acevedo, ubicado en el barrio de Santa Catarina en el municipio de Iz\u00facar de Matamoros, padres de familia han dado a conocer que por lo menos ya existen ocho casos de ni\u00f1os y ni\u00f1as que fueron diagnosticados con virus Coxsackie. Los padres mencionaron que estos menores no acuden temporalmente a [&hellip;]<\/p>\n","protected":false},"author":4,"featured_media":63695,"comment_status":"open","ping_status":"open","sticky":false,"template":"","format":"standard","meta":{"om_disable_all_campaigns":false,"_monsterinsights_skip_tracking":false,"_monsterinsights_sitenote_active":false,"_monsterinsights_sitenote_note":"","_monsterinsights_sitenote_category":0,"footnotes":""},"categories":[175,252],"tags":[223],"class_list":["post-63694","post","type-post","status-publish","format-standard","has-post-thumbnail","hentry","category-local","category-salud","tag-puebla"],"amp_enabled":true,"_links":{"self":[{"href":"https:\/\/lahora.mx\/index.php\/wp-json\/wp\/v2\/posts\/63694","targetHints":{"allow":["GET"]}}],"collection":[{"href":"https:\/\/lahora.mx\/index.php\/wp-json\/wp\/v2\/posts"}],"about":[{"href":"https:\/\/lahora.mx\/index.php\/wp-json\/wp\/v2\/types\/post"}],"author":[{"embeddable":true,"href":"https:\/\/lahora.mx\/index.php\/wp-json\/wp\/v2\/users\/4"}],"replies":[{"embeddable":true,"href":"https:\/\/lahora.mx\/index.php\/wp-json\/wp\/v2\/comments?post=63694"}],"version-history":[{"count":1,"href":"https:\/\/lahora.mx\/index.php\/wp-json\/wp\/v2\/posts\/63694\/revisions"}],"predecessor-version":[{"id":63696,"href":"https:\/\/lahora.mx\/index.php\/wp-json\/wp\/v2\/posts\/63694\/revisions\/63696"}],"wp:featuredmedia":[{"embeddable":true,"href":"https:\/\/lahora.mx\/index.php\/wp-json\/wp\/v2\/media\/63695"}],"wp:attachment":[{"href":"https:\/\/lahora.mx\/index.php\/wp-json\/wp\/v2\/media?parent=63694"}],"wp:term":[{"taxonomy":"category","embeddable":true,"href":"https:\/\/lahora.mx\/index.php\/wp-json\/wp\/v2\/categories?post=63694"},{"taxonomy":"post_tag","embeddable":true,"href":"https:\/\/lahora.mx\/index.php\/wp-json\/wp\/v2\/tags?post=63694"}],"curies":[{"name":"wp","href":"https:\/\/api.w.org\/{rel}","templated":true}]}}