{"id":63688,"date":"2025-06-12T22:06:15","date_gmt":"2025-06-12T22:06:15","guid":{"rendered":"https:\/\/lahora.mx\/?p=63688"},"modified":"2025-06-13T01:42:15","modified_gmt":"2025-06-13T01:42:15","slug":"gobierno-de-puebla-cancela-contrato-millonario-del-museo-barroco","status":"publish","type":"post","link":"https:\/\/lahora.mx\/index.php\/2025\/06\/12\/gobierno-de-puebla-cancela-contrato-millonario-del-museo-barroco\/","title":{"rendered":"Gobierno de Puebla cancela contrato millonario del Museo Barroco"},"content":{"rendered":"\n<p>El gobierno de Puebla concluy\u00f3 el contrato de asociaci\u00f3n p\u00fablico-privada del Museo Barroco, que generaba un pago anual de 523 millones de pesos con fecha de conclusi\u00f3n hasta el a\u00f1o 2039.<\/p>\n\n\n\n<p><\/p>\n\n\n\n<p>En sesi\u00f3n ordinaria, el Congreso local dio cuenta del documento oficial emitido por el organismo p\u00fablico descentralizado de Museos Puebla y la Secretar\u00eda de Artes y Cultura.<\/p>\n\n\n\n<p>Seg\u00fan lo comentado, el proyecto exhibe la resoluci\u00f3n administrativa de la conclusi\u00f3n anticipada del contrato de asociaci\u00f3n p\u00fablico-privada para el desarrollo y equipamiento del Museo Barroco, creado en el gobierno de Rafael Moreno Valle.<\/p>\n\n\n\n<p><br>El ocurso fue turnado por la Mesa Directiva del Congreso local a la Comisi\u00f3n de Presupuesto y Cr\u00e9dito P\u00fablico para su notificaci\u00f3n.<\/p>\n\n\n\n<p>Mediante resoluci\u00f3n administrativa debidamente fundada y motivada se ha determinado la terminaci\u00f3n anticipada del contrato de Asociaci\u00f3n P\u00fablico-Privada (\u2026) del Museo Internacional Barroco<br>se dijo en el Congreso.<br>Fue el pasado 10 de junio cuando el gobernador Alejandro Armenta Mier dijo que \u201chabr\u00eda sorpresas\u201d respecto al contrato del recinto de arte; sin embargo, no dio m\u00e1s detalles.<\/p>\n\n\n\n<p>\u201cLos poblanos vivieron enga\u00f1ados. El museo hoy no es de los poblanos, ma\u00f1ana ser\u00e1 otra historia\u201d, dijo ante medios de comunicaci\u00f3n el 10 de junio.<\/p>\n\n\n\n<p>En repetidas ocasiones, el mandatario estatal indic\u00f3 que anualmente se pagan 523 millones de pesos, que inici\u00f3 desde 2016 hasta 2039, seg\u00fan el contrato de asociaci\u00f3n p\u00fablico-privada.<\/p>\n\n\n\n<p><br>El gobernador anunci\u00f3 que los empresarios responsables del proyecto aceptaron disminuir la deuda en 2 mil millones de pesos<br>En enero pasado, Alejandro Armenta anunci\u00f3 haber logrado reducir la deuda que se ten\u00eda del MIB de 7 mil millones de pesos a 2 mil millones, como resultado de un encuentro con empresarios vinculados al proyecto.<\/p>\n\n\n\n<p>Adem\u00e1s, el mandatario estatal instruy\u00f3 una auditor\u00eda integral a las obras realizadas durante la administraci\u00f3n de Moreno Valle, con el objetivo de determinar responsabilidad y que se aplique la ley.<\/p>\n","protected":false},"excerpt":{"rendered":"<p>El gobierno de Puebla concluy\u00f3 el contrato de asociaci\u00f3n p\u00fablico-privada del Museo Barroco, que generaba un pago anual de 523 millones de pesos con fecha de conclusi\u00f3n hasta el a\u00f1o 2039. En sesi\u00f3n ordinaria, el Congreso local dio cuenta del documento oficial emitido por el organismo p\u00fablico descentralizado de Museos Puebla y la Secretar\u00eda de [&hellip;]<\/p>\n","protected":false},"author":4,"featured_media":63689,"comment_status":"open","ping_status":"open","sticky":false,"template":"","format":"standard","meta":{"om_disable_all_campaigns":false,"_monsterinsights_skip_tracking":false,"_monsterinsights_sitenote_active":false,"_monsterinsights_sitenote_note":"","_monsterinsights_sitenote_category":0,"footnotes":""},"categories":[175],"tags":[239,195],"class_list":["post-63688","post","type-post","status-publish","format-standard","has-post-thumbnail","hentry","category-local","tag-gobierno","tag-principal"],"amp_enabled":true,"_links":{"self":[{"href":"https:\/\/lahora.mx\/index.php\/wp-json\/wp\/v2\/posts\/63688","targetHints":{"allow":["GET"]}}],"collection":[{"href":"https:\/\/lahora.mx\/index.php\/wp-json\/wp\/v2\/posts"}],"about":[{"href":"https:\/\/lahora.mx\/index.php\/wp-json\/wp\/v2\/types\/post"}],"author":[{"embeddable":true,"href":"https:\/\/lahora.mx\/index.php\/wp-json\/wp\/v2\/users\/4"}],"replies":[{"embeddable":true,"href":"https:\/\/lahora.mx\/index.php\/wp-json\/wp\/v2\/comments?post=63688"}],"version-history":[{"count":1,"href":"https:\/\/lahora.mx\/index.php\/wp-json\/wp\/v2\/posts\/63688\/revisions"}],"predecessor-version":[{"id":63690,"href":"https:\/\/lahora.mx\/index.php\/wp-json\/wp\/v2\/posts\/63688\/revisions\/63690"}],"wp:featuredmedia":[{"embeddable":true,"href":"https:\/\/lahora.mx\/index.php\/wp-json\/wp\/v2\/media\/63689"}],"wp:attachment":[{"href":"https:\/\/lahora.mx\/index.php\/wp-json\/wp\/v2\/media?parent=63688"}],"wp:term":[{"taxonomy":"category","embeddable":true,"href":"https:\/\/lahora.mx\/index.php\/wp-json\/wp\/v2\/categories?post=63688"},{"taxonomy":"post_tag","embeddable":true,"href":"https:\/\/lahora.mx\/index.php\/wp-json\/wp\/v2\/tags?post=63688"}],"curies":[{"name":"wp","href":"https:\/\/api.w.org\/{rel}","templated":true}]}}