{"id":63681,"date":"2025-06-12T20:38:04","date_gmt":"2025-06-12T20:38:04","guid":{"rendered":"https:\/\/lahora.mx\/?p=63681"},"modified":"2025-06-12T20:38:05","modified_gmt":"2025-06-12T20:38:05","slug":"gobierno-de-la-ciudad-impulsa-descentralizacion-de-la-cultura-en-puebla","status":"publish","type":"post","link":"https:\/\/lahora.mx\/index.php\/2025\/06\/12\/gobierno-de-la-ciudad-impulsa-descentralizacion-de-la-cultura-en-puebla\/","title":{"rendered":"Gobierno de la Ciudad impulsa descentralizaci\u00f3n de la cultura en Puebla"},"content":{"rendered":"\n<p>La titular del Instituto Municipal de Arte y Cultura de Puebla (IMACP), Anel Nochebuena y Carlos Villase\u00f1or, consultor de la UNESCO, presentaron la ponencia Cultura como derecho humano. Pol\u00edticas culturales para un territorio democr\u00e1tico, para destacar el papel de la cultura como eje transformador del tejido social.<\/p>\n\n\n\n<p>En el marco de la d\u00e9cima edici\u00f3n del Smart City Expo LATAM Congress, la titular del IMACP reconoci\u00f3 la visi\u00f3n del presidente municipal Pepe Chedraui para impulsar la descentralizaci\u00f3n de la cultura en Puebla.<\/p>\n\n\n\n<p>Gobierno de la Ciudad impulsa descentralizaci\u00f3n de la cultura en Puebla<br>Asimismo, destac\u00f3 que el programa Nodos Culturales es una estrategia que tiene como objetivo acercar actividades art\u00edsticas y culturales gratuitas para los habitantes de las juntas auxiliares.<\/p>\n\n\n\n<p>Este proyecto es resultado de un esfuerzo coordinado entre el Gobierno de la Ciudad, a trav\u00e9s del IMACP, la Federaci\u00f3n, el sector privado y organizaciones de la sociedad civil.<\/p>\n\n\n\n<p>Actualmente, el programa cuenta con nueve espacios activos: los Centros de Desarrollo Comunitario de San Ram\u00f3n, San Aparicio y Tres Cruces; Parque Biblioteca Gilberto Bosques Sald\u00edvar; los Museos Santa M\u00f3nica y Casa del De\u00e1n; as\u00ed como los nodos LEAC Huexotitla, Centro y Plataforma.<\/p>\n\n\n\n<p>Gobierno de la Ciudad impulsa descentralizaci\u00f3n de la cultura en Puebla<br>En estos puntos se imparten talleres, conferencias, charlas y actividades multidisciplinarias que responden a los intereses de cada comunidad.<\/p>\n\n\n\n<p>A su vez, Carlos Villase\u00f1or destac\u00f3 la relevancia de las iniciativas y subray\u00f3 que corresponde a los tres niveles de gobierno dise\u00f1ar y promover pol\u00edticas p\u00fablicas que garanticen el acceso efectivo de la ciudadan\u00eda a la cultura como un derecho humano fundamental.<\/p>\n","protected":false},"excerpt":{"rendered":"<p>La titular del Instituto Municipal de Arte y Cultura de Puebla (IMACP), Anel Nochebuena y Carlos Villase\u00f1or, consultor de la UNESCO, presentaron la ponencia Cultura como derecho humano. Pol\u00edticas culturales para un territorio democr\u00e1tico, para destacar el papel de la cultura como eje transformador del tejido social. En el marco de la d\u00e9cima edici\u00f3n del [&hellip;]<\/p>\n","protected":false},"author":4,"featured_media":63682,"comment_status":"open","ping_status":"open","sticky":false,"template":"","format":"standard","meta":{"om_disable_all_campaigns":false,"_monsterinsights_skip_tracking":false,"_monsterinsights_sitenote_active":false,"_monsterinsights_sitenote_note":"","_monsterinsights_sitenote_category":0,"footnotes":""},"categories":[175],"tags":[223],"class_list":["post-63681","post","type-post","status-publish","format-standard","has-post-thumbnail","hentry","category-local","tag-puebla"],"amp_enabled":true,"_links":{"self":[{"href":"https:\/\/lahora.mx\/index.php\/wp-json\/wp\/v2\/posts\/63681","targetHints":{"allow":["GET"]}}],"collection":[{"href":"https:\/\/lahora.mx\/index.php\/wp-json\/wp\/v2\/posts"}],"about":[{"href":"https:\/\/lahora.mx\/index.php\/wp-json\/wp\/v2\/types\/post"}],"author":[{"embeddable":true,"href":"https:\/\/lahora.mx\/index.php\/wp-json\/wp\/v2\/users\/4"}],"replies":[{"embeddable":true,"href":"https:\/\/lahora.mx\/index.php\/wp-json\/wp\/v2\/comments?post=63681"}],"version-history":[{"count":1,"href":"https:\/\/lahora.mx\/index.php\/wp-json\/wp\/v2\/posts\/63681\/revisions"}],"predecessor-version":[{"id":63683,"href":"https:\/\/lahora.mx\/index.php\/wp-json\/wp\/v2\/posts\/63681\/revisions\/63683"}],"wp:featuredmedia":[{"embeddable":true,"href":"https:\/\/lahora.mx\/index.php\/wp-json\/wp\/v2\/media\/63682"}],"wp:attachment":[{"href":"https:\/\/lahora.mx\/index.php\/wp-json\/wp\/v2\/media?parent=63681"}],"wp:term":[{"taxonomy":"category","embeddable":true,"href":"https:\/\/lahora.mx\/index.php\/wp-json\/wp\/v2\/categories?post=63681"},{"taxonomy":"post_tag","embeddable":true,"href":"https:\/\/lahora.mx\/index.php\/wp-json\/wp\/v2\/tags?post=63681"}],"curies":[{"name":"wp","href":"https:\/\/api.w.org\/{rel}","templated":true}]}}