{"id":6368,"date":"2022-05-02T21:24:50","date_gmt":"2022-05-02T21:24:50","guid":{"rendered":"http:\/\/lahora.mx\/?p=6368"},"modified":"2022-05-02T21:24:51","modified_gmt":"2022-05-02T21:24:51","slug":"los-plebiscito-en-san-jeronimo-caleras-sera-el-5-de-junio","status":"publish","type":"post","link":"https:\/\/lahora.mx\/index.php\/2022\/05\/02\/los-plebiscito-en-san-jeronimo-caleras-sera-el-5-de-junio\/","title":{"rendered":"Los Plebiscito en San Jer\u00f3nimo Caleras ser\u00e1 el 5 de junio"},"content":{"rendered":"\n<p>La&nbsp;<strong>Comisi\u00f3n de Gobernaci\u00f3n<\/strong>&nbsp;del Cabildo de Puebla aprob\u00f3 la convocatoria para el<strong>&nbsp;proceso plebiscitario extraordinario<\/strong>&nbsp;en la junta auxiliar de&nbsp;<strong>San Jer\u00f3nimo Caleras<\/strong>, la cual se realizar\u00e1 el domingo 5 de junio.<\/p>\n\n\n\n<p>En entrevista tras la sesi\u00f3n de este lunes,<strong>&nbsp;el regidor Miguel \u00c1ngel Mantilla Mart\u00ednez<\/strong>, presidente de la comisi\u00f3n, explic\u00f3 que la convocatoria tendr\u00e1 que ser aprobada por las y los regidores en la pr\u00f3xima sesi\u00f3n de Cabildo.<\/p>\n\n\n\n<p>Se\u00f1al\u00f3 que una vez validada, el 7 de mayo se estar\u00eda publicando y difundiendo en los peri\u00f3dicos de mayor circulaci\u00f3n y medios electr\u00f3nicos oficiales del ayuntamiento para que las y los aspirantes puedan realizar el registro de su planilla del 9 al 12 de mayo.<\/p>\n\n\n\n<p>El registro para observadores plebiscitarios ser\u00e1 del 9 al 17 de mayo, el 13 de mayo ser\u00e1 la fecha l\u00edmite para subsanar los requisitos faltantes de las planillas, y el 23 de mayo se entregar\u00e1n las constancias de aceptaci\u00f3n de registro o, en su caso, la negativa.<\/p>\n\n\n\n<p>El regidor panista puntualiz\u00f3 que las y los aspirantes a ser presidentes auxiliares podr\u00e1n realizar campa\u00f1a del 24 al 1 de junio a las 23:59 horas, para que el d\u00eda 5 se lleve a cabo el plebiscito, de 8 de la ma\u00f1ana a 6 de la tarde, y el 17 de junio sea la toma de protesta de la persona electa.<\/p>\n\n\n\n<p>El regidor se\u00f1al\u00f3 que la Comisi\u00f3n Plebiscitaria estar\u00e1 muy al pendiente de la elecci\u00f3n extraordinaria pues lo que se busca es que no haya conflictos y sea un ejercicio limpio y transparente.https:\/\/9d2dad66b4eb93efd441ed350e1e2d4b.safeframe.googlesyndication.com\/safeframe\/1-0-38\/html\/container.html<\/p>\n\n\n\n<p>\u201cEstamos ponderando el que verdaderamente haya espacio de armon\u00eda, que no necesariamente(son) coincidencias.<strong>&nbsp;L\u00f3gicamente, en cualquier contienda &#8211;y m\u00e1s las electorales- siempre hay pasiones desbordadas,<\/strong>&nbsp;pero en el terreno de la paz, pero en el terreno de la concordia es lo que queremos que sea un ejercicio plebiscitario tranquilo\u201d, dijo.<\/p>\n\n\n\n<p>Mantilla Mart\u00ednez se\u00f1al\u00f3 que para esta elecci\u00f3n extraordinaria ser\u00e1n impresas cerca de 30 mil boletas, adem\u00e1s de que pueden participar las 12 planillas que contendieron en la jornada que se cancel\u00f3 pues se trata de una reposici\u00f3n de elecci\u00f3n. En caso de que alguna no se inscriba, estar\u00e1 en su derecho.<\/p>\n\n\n\n<p>El 21 de abril la Sala Regional del TEPJF resolvi\u00f3 el juicio de la ciudadan\u00eda SCM-JDC-95\/2022, promovido por el excandidato Juan Jos\u00e9 Mesinas Morales y el representante legal de su planilla \u201cPor la Grandeza de San Jer\u00f3nimo\u201d, y declar\u00f3 fundados sus agravios al se\u00f1alar que no hubo certeza ni legalidad en la votaci\u00f3n de dos secciones electorales de la junta auxiliar, as\u00ed que anul\u00f3 la validez de la elecci\u00f3n.<\/p>\n","protected":false},"excerpt":{"rendered":"<p>La&nbsp;Comisi\u00f3n de Gobernaci\u00f3n&nbsp;del Cabildo de Puebla aprob\u00f3 la convocatoria para el&nbsp;proceso plebiscitario extraordinario&nbsp;en la junta auxiliar de&nbsp;San Jer\u00f3nimo Caleras, la cual se realizar\u00e1 el domingo 5 de junio. En entrevista tras la sesi\u00f3n de este lunes,&nbsp;el regidor Miguel \u00c1ngel Mantilla Mart\u00ednez, presidente de la comisi\u00f3n, explic\u00f3 que la convocatoria tendr\u00e1 que ser aprobada por las [&hellip;]<\/p>\n","protected":false},"author":4,"featured_media":6369,"comment_status":"open","ping_status":"open","sticky":false,"template":"","format":"standard","meta":{"om_disable_all_campaigns":false,"_monsterinsights_skip_tracking":false,"_monsterinsights_sitenote_active":false,"_monsterinsights_sitenote_note":"","_monsterinsights_sitenote_category":0,"footnotes":""},"categories":[175],"tags":[223],"class_list":["post-6368","post","type-post","status-publish","format-standard","has-post-thumbnail","hentry","category-local","tag-puebla"],"amp_enabled":true,"_links":{"self":[{"href":"https:\/\/lahora.mx\/index.php\/wp-json\/wp\/v2\/posts\/6368","targetHints":{"allow":["GET"]}}],"collection":[{"href":"https:\/\/lahora.mx\/index.php\/wp-json\/wp\/v2\/posts"}],"about":[{"href":"https:\/\/lahora.mx\/index.php\/wp-json\/wp\/v2\/types\/post"}],"author":[{"embeddable":true,"href":"https:\/\/lahora.mx\/index.php\/wp-json\/wp\/v2\/users\/4"}],"replies":[{"embeddable":true,"href":"https:\/\/lahora.mx\/index.php\/wp-json\/wp\/v2\/comments?post=6368"}],"version-history":[{"count":1,"href":"https:\/\/lahora.mx\/index.php\/wp-json\/wp\/v2\/posts\/6368\/revisions"}],"predecessor-version":[{"id":6370,"href":"https:\/\/lahora.mx\/index.php\/wp-json\/wp\/v2\/posts\/6368\/revisions\/6370"}],"wp:featuredmedia":[{"embeddable":true,"href":"https:\/\/lahora.mx\/index.php\/wp-json\/wp\/v2\/media\/6369"}],"wp:attachment":[{"href":"https:\/\/lahora.mx\/index.php\/wp-json\/wp\/v2\/media?parent=6368"}],"wp:term":[{"taxonomy":"category","embeddable":true,"href":"https:\/\/lahora.mx\/index.php\/wp-json\/wp\/v2\/categories?post=6368"},{"taxonomy":"post_tag","embeddable":true,"href":"https:\/\/lahora.mx\/index.php\/wp-json\/wp\/v2\/tags?post=6368"}],"curies":[{"name":"wp","href":"https:\/\/api.w.org\/{rel}","templated":true}]}}