{"id":63674,"date":"2025-06-12T16:30:10","date_gmt":"2025-06-12T16:30:10","guid":{"rendered":"https:\/\/lahora.mx\/?p=63674"},"modified":"2025-06-12T16:30:11","modified_gmt":"2025-06-12T16:30:11","slug":"california-se-une-contra-redadas-de-donald-trump-otra-ciudad-entro-en-toque-de-queda","status":"publish","type":"post","link":"https:\/\/lahora.mx\/index.php\/2025\/06\/12\/california-se-une-contra-redadas-de-donald-trump-otra-ciudad-entro-en-toque-de-queda\/","title":{"rendered":"California se une contra redadas de Donald Trump; otra ciudad entr\u00f3 en toque de queda"},"content":{"rendered":"\n<p>Treinta alcaldes de California armaron un frente para exigir a Donald Trump poner fin a los operativos antimigrantes, retirar a la Guardia Nacional y a los cuatro mil 700 marines desplegados por las protestas en el estado.<\/p>\n\n\n\n<p>Representamos a ciudades de esta regi\u00f3n donde los inmigrantes son clave. Y, en algunos casos, no la mayor\u00eda de la poblaci\u00f3n\u201d, dijo en conferencia la alcaldesa de Los \u00c1ngeles, Karen Bass.<\/p>\n\n\n\n<p>Dejen de aterrorizar a nuestros residentes\u201d, clam\u00f3 Brenda Olmos, vicealcaldesa de Paramount, epicentro de las redadas el viernes pasado y donde hubo 45 detenidos.<\/p>\n\n\n\n<p>Los \u00c1ngeles mantuvo el toque de queda en el centro de la ciudad para inhibir las manifestaciones, que ayer arrojaron un saldo de 20 personas aprehendidas. La ciudad de Spokane, en el estado de Washington, declar\u00f3 un toque de queda parcial.<\/p>\n\n\n\n<p>Mientras, en Washington, DC, el presidente de Estados Unidos acudi\u00f3 a la premier de la obra Los Miserables, en el Centro Kennedy.<\/p>\n\n\n\n<p>No podr\u00eda importarme menos (las protestas). Lo \u00fanico que estoy haciendo es dirigir bien este pa\u00eds\u201d, dijo tras pasar por la alfombra roja junto a su esposa Melania.<\/p>\n\n\n\n<p>La presidenta Claudia Sheinbaum inform\u00f3 que hay 61 mexicanos detenidos por las manifestaciones.<\/p>\n","protected":false},"excerpt":{"rendered":"<p>Treinta alcaldes de California armaron un frente para exigir a Donald Trump poner fin a los operativos antimigrantes, retirar a la Guardia Nacional y a los cuatro mil 700 marines desplegados por las protestas en el estado. Representamos a ciudades de esta regi\u00f3n donde los inmigrantes son clave. Y, en algunos casos, no la mayor\u00eda [&hellip;]<\/p>\n","protected":false},"author":4,"featured_media":63675,"comment_status":"open","ping_status":"open","sticky":false,"template":"","format":"standard","meta":{"om_disable_all_campaigns":false,"_monsterinsights_skip_tracking":false,"_monsterinsights_sitenote_active":false,"_monsterinsights_sitenote_note":"","_monsterinsights_sitenote_category":0,"footnotes":""},"categories":[183],"tags":[],"class_list":["post-63674","post","type-post","status-publish","format-standard","has-post-thumbnail","hentry","category-internacional"],"amp_enabled":true,"_links":{"self":[{"href":"https:\/\/lahora.mx\/index.php\/wp-json\/wp\/v2\/posts\/63674","targetHints":{"allow":["GET"]}}],"collection":[{"href":"https:\/\/lahora.mx\/index.php\/wp-json\/wp\/v2\/posts"}],"about":[{"href":"https:\/\/lahora.mx\/index.php\/wp-json\/wp\/v2\/types\/post"}],"author":[{"embeddable":true,"href":"https:\/\/lahora.mx\/index.php\/wp-json\/wp\/v2\/users\/4"}],"replies":[{"embeddable":true,"href":"https:\/\/lahora.mx\/index.php\/wp-json\/wp\/v2\/comments?post=63674"}],"version-history":[{"count":1,"href":"https:\/\/lahora.mx\/index.php\/wp-json\/wp\/v2\/posts\/63674\/revisions"}],"predecessor-version":[{"id":63676,"href":"https:\/\/lahora.mx\/index.php\/wp-json\/wp\/v2\/posts\/63674\/revisions\/63676"}],"wp:featuredmedia":[{"embeddable":true,"href":"https:\/\/lahora.mx\/index.php\/wp-json\/wp\/v2\/media\/63675"}],"wp:attachment":[{"href":"https:\/\/lahora.mx\/index.php\/wp-json\/wp\/v2\/media?parent=63674"}],"wp:term":[{"taxonomy":"category","embeddable":true,"href":"https:\/\/lahora.mx\/index.php\/wp-json\/wp\/v2\/categories?post=63674"},{"taxonomy":"post_tag","embeddable":true,"href":"https:\/\/lahora.mx\/index.php\/wp-json\/wp\/v2\/tags?post=63674"}],"curies":[{"name":"wp","href":"https:\/\/api.w.org\/{rel}","templated":true}]}}