{"id":63665,"date":"2025-06-12T15:09:56","date_gmt":"2025-06-12T15:09:56","guid":{"rendered":"https:\/\/lahora.mx\/?p=63665"},"modified":"2025-06-12T15:09:56","modified_gmt":"2025-06-12T15:09:56","slug":"se-reunen-armenta-cedillo-y-el-director-del-imss-bienestar-toman-acuerdos-en-beneficio-del-sector-salud-y-la-buap","status":"publish","type":"post","link":"https:\/\/lahora.mx\/index.php\/2025\/06\/12\/se-reunen-armenta-cedillo-y-el-director-del-imss-bienestar-toman-acuerdos-en-beneficio-del-sector-salud-y-la-buap\/","title":{"rendered":"Se re\u00fanen Armenta, Cedillo y el director del IMSS Bienestar: toman acuerdos en beneficio del sector Salud y la BUAP"},"content":{"rendered":"\n<p>El gobernador del estado, Alejandro Armenta Mier, inform\u00f3 que obtuvo buenos resultados tras una reuni\u00f3n con el director del IMSS-Bienestar, Alejandro Svarch P\u00e9rez, y la rectora de la Benem\u00e9rita Universidad Aut\u00f3noma de Puebla (BUAP), Mar\u00eda Lilia Cedillo Ram\u00edrez.<\/p>\n\n\n\n<p>A trav\u00e9s de un video publicado en sus redes sociales, el titular del Ejecutivo estatal dio a conocer que se pondr\u00e1n en marcha tres acciones estrat\u00e9gicas, en coordinaci\u00f3n con el Gobierno Federal y la BUAP.<\/p>\n\n\n\n<p>Como parte de la primera etapa, se habilitar\u00e1n espacios en hospitales para que los universitarios puedan realizar pr\u00e1cticas profesionales. Adem\u00e1s, los quir\u00f3fanos se adaptar\u00e1n como aulas de ense\u00f1anza. En la segunda estrategia, se buscar\u00e1 fortalecer los modelos p\u00fablicos de atenci\u00f3n para los estudiantes universitarios, los cuales han estado en operaci\u00f3n durante m\u00e1s de 20 a\u00f1os dentro del esquema de formaci\u00f3n en servicios de salud.<\/p>\n\n\n\n<p>La tercera acci\u00f3n estrat\u00e9gica, seg\u00fan explic\u00f3 el director del IMSS-Bienestar, Alejandro Svarch P\u00e9rez, consistir\u00e1 en garantizar el abasto de medicamentos y su adecuada inspecci\u00f3n, con el objetivo de respaldar las actividades del sector salud. Esto se realizar\u00e1 en estrecha colaboraci\u00f3n con el gobierno estatal y la BUAP.<\/p>\n\n\n\n<p>\u201cAmigos de Puebla, queremos agradecer al director del IMSS-Bienestar, Alejandro Svarch, y a la doctora Lilia Cedillo por esta reuni\u00f3n\u201d, expres\u00f3 el gobernador Armenta Mier.<\/p>\n\n\n\n<p>En ese sentido, desde Palacio Nacional, Armenta destac\u00f3 que esta mesa de di\u00e1logo fue resultado de una reuni\u00f3n previa que sostuvo el domingo con la presidenta de M\u00e9xico, Claudia Sheinbaum Pardo, durante su visita a la capital poblana. En esa ocasi\u00f3n, la mandataria federal encabez\u00f3 la inauguraci\u00f3n de dos nuevas torres m\u00e9dicas en el Hospital para la Ni\u00f1ez Poblana.<\/p>\n\n\n\n<p>\u201cEsta reuni\u00f3n de trabajo en Palacio Nacional fue resultado del encuentro con la doctora Claudia Sheinbaum durante la inauguraci\u00f3n de las dos torres m\u00e9dicas. Agradezco mucho ese espacio, ya que de ah\u00ed surgieron estas tres acciones estrat\u00e9gicas que llevaremos a cabo con el apoyo del Gobierno del Estado\u201d, agreg\u00f3 Armenta.<\/p>\n\n\n\n<p>Por su parte, la rectora Lilia Cedillo refrend\u00f3 el compromiso de la BUAP para seguir impulsando la formaci\u00f3n de j\u00f3venes en el \u00e1rea de la salud y contribuir al fortalecimiento del sector en la entidad.<\/p>\n\n\n\n<p>Finalmente, el gobernador reiter\u00f3 que se dar\u00e1 seguimiento al abasto de medicamentos, con el fin de apoyar el desarrollo de los hospitales y asegurar la atenci\u00f3n adecuada a la poblaci\u00f3n.<\/p>\n\n\n\n<p>Cabe recordar que la presidenta Claudia Sheinbaum ha reafirmado su compromiso con la mejora de los servicios de salud en Puebla, mediante el programa IMSS-Bienestar.<\/p>\n","protected":false},"excerpt":{"rendered":"<p>El gobernador del estado, Alejandro Armenta Mier, inform\u00f3 que obtuvo buenos resultados tras una reuni\u00f3n con el director del IMSS-Bienestar, Alejandro Svarch P\u00e9rez, y la rectora de la Benem\u00e9rita Universidad Aut\u00f3noma de Puebla (BUAP), Mar\u00eda Lilia Cedillo Ram\u00edrez. A trav\u00e9s de un video publicado en sus redes sociales, el titular del Ejecutivo estatal dio a [&hellip;]<\/p>\n","protected":false},"author":4,"featured_media":63666,"comment_status":"open","ping_status":"open","sticky":false,"template":"","format":"standard","meta":{"om_disable_all_campaigns":false,"_monsterinsights_skip_tracking":false,"_monsterinsights_sitenote_active":false,"_monsterinsights_sitenote_note":"","_monsterinsights_sitenote_category":0,"footnotes":""},"categories":[175],"tags":[186,239,195,223],"class_list":["post-63665","post","type-post","status-publish","format-standard","has-post-thumbnail","hentry","category-local","tag-buap","tag-gobierno","tag-principal","tag-puebla"],"amp_enabled":true,"_links":{"self":[{"href":"https:\/\/lahora.mx\/index.php\/wp-json\/wp\/v2\/posts\/63665","targetHints":{"allow":["GET"]}}],"collection":[{"href":"https:\/\/lahora.mx\/index.php\/wp-json\/wp\/v2\/posts"}],"about":[{"href":"https:\/\/lahora.mx\/index.php\/wp-json\/wp\/v2\/types\/post"}],"author":[{"embeddable":true,"href":"https:\/\/lahora.mx\/index.php\/wp-json\/wp\/v2\/users\/4"}],"replies":[{"embeddable":true,"href":"https:\/\/lahora.mx\/index.php\/wp-json\/wp\/v2\/comments?post=63665"}],"version-history":[{"count":1,"href":"https:\/\/lahora.mx\/index.php\/wp-json\/wp\/v2\/posts\/63665\/revisions"}],"predecessor-version":[{"id":63667,"href":"https:\/\/lahora.mx\/index.php\/wp-json\/wp\/v2\/posts\/63665\/revisions\/63667"}],"wp:featuredmedia":[{"embeddable":true,"href":"https:\/\/lahora.mx\/index.php\/wp-json\/wp\/v2\/media\/63666"}],"wp:attachment":[{"href":"https:\/\/lahora.mx\/index.php\/wp-json\/wp\/v2\/media?parent=63665"}],"wp:term":[{"taxonomy":"category","embeddable":true,"href":"https:\/\/lahora.mx\/index.php\/wp-json\/wp\/v2\/categories?post=63665"},{"taxonomy":"post_tag","embeddable":true,"href":"https:\/\/lahora.mx\/index.php\/wp-json\/wp\/v2\/tags?post=63665"}],"curies":[{"name":"wp","href":"https:\/\/api.w.org\/{rel}","templated":true}]}}