{"id":63662,"date":"2025-06-11T13:30:09","date_gmt":"2025-06-11T13:30:09","guid":{"rendered":"https:\/\/lahora.mx\/?p=63662"},"modified":"2025-06-12T13:58:27","modified_gmt":"2025-06-12T13:58:27","slug":"pepe-chedraui-encabeza-firma-de-convenio-red-si-por-puebla","status":"publish","type":"post","link":"https:\/\/lahora.mx\/index.php\/2025\/06\/11\/pepe-chedraui-encabeza-firma-de-convenio-red-si-por-puebla\/","title":{"rendered":"Pepe Chedraui encabeza firma de convenio Red S\u00ed por Puebla"},"content":{"rendered":"\n<p>El presidente municipal de Puebla, Jos\u00e9 Chedraui Budib, encabez\u00f3 la firma del convenio Red S\u00ed Por Puebla, al lado de empresarios y universidades para lograr una capital sostenible, inteligente, innovadora e identitaria.<\/p>\n\n\n\n<p>Durante el segundo d\u00eda de actividades del Smart City Expo Latam Congress, el edil destac\u00f3 la coordinaci\u00f3n entre los tres \u00f3rdenes de gobierno e indic\u00f3 que la firma del convenio permitir\u00e1 mejorar las condiciones de las y los poblanos, al lado de universidades, c\u00e1maras empresariales, as\u00ed como las y los ciudadanos, lo cual hace a\u00f1os no se daba.<\/p>\n\n\n\n<p>\u00abEsta mesa est\u00e1 llena de capacidad, de experiencia, con buena fe para que a Puebla le vaya bien\u00bb, agreg\u00f3.<\/p>\n\n\n\n<p>Chedraui Budib asegur\u00f3 que cada uno de las salas en las que se llev\u00f3 a cabo las ponencias se encuentran llenas, lo cual indica el \u00e9xito de este tipo de eventos que aloja la capital del estado.<\/p>\n\n\n\n<p>En la firma del convenio estuvo presente el presidente de Pronus Manuel Redondo, el presidente del Consejo Coordinador Empresarial, H\u00e9ctor S\u00e1nchez Morales, el titular de la Secretar\u00eda de Econom\u00eda y Turismo Jaime Oropeza Casas.<\/p>\n\n\n\n<p>S\u00e1nchez Morales dijo que es un compromiso para los empresarios trabajar en este laboratorio urbano, el cual dijo que ser\u00e1 perfectible para mejorar Puebla.<\/p>\n\n\n\n<p>El vicerrector de investigaci\u00f3n y de estudios de posgrado de la Benem\u00e9rita Universidad Aut\u00f3noma de Puebla (BUAP), Ignacio Mart\u00ednez Laguna, quien subray\u00f3 que es importante la participaci\u00f3n de la academia en las ciudades inteligentes.<\/p>\n\n\n\n<p>La red S\u00ed por Puebla servir\u00e1 para la creaci\u00f3n de un laboratorio Smart Puebla que servir\u00e1 para la generaci\u00f3n de un modelo colaborativo y muldisciplinario que defina los retos y aportes potenciales soluciones para el territorio.<\/p>\n\n\n\n<p>Adem\u00e1s de impulso a proyectos estrat\u00e9gicos, con un mapeo y vinculaci\u00f3n de programas, fondos y proyectos prioritarios que respondan a los desaf\u00edos de la ciudad.<\/p>\n\n\n\n<p>Por \u00faltimo, a trav\u00e9s de c\u00e9lulas de trabajo se organizar\u00e1n reuniones, mesas de cocreaci\u00f3n y mecanismos de crecimiento colaborativo.<\/p>\n","protected":false},"excerpt":{"rendered":"<p>El presidente municipal de Puebla, Jos\u00e9 Chedraui Budib, encabez\u00f3 la firma del convenio Red S\u00ed Por Puebla, al lado de empresarios y universidades para lograr una capital sostenible, inteligente, innovadora e identitaria. Durante el segundo d\u00eda de actividades del Smart City Expo Latam Congress, el edil destac\u00f3 la coordinaci\u00f3n entre los tres \u00f3rdenes de gobierno [&hellip;]<\/p>\n","protected":false},"author":4,"featured_media":63663,"comment_status":"open","ping_status":"open","sticky":false,"template":"","format":"standard","meta":{"om_disable_all_campaigns":false,"_monsterinsights_skip_tracking":false,"_monsterinsights_sitenote_active":false,"_monsterinsights_sitenote_note":"","_monsterinsights_sitenote_category":0,"footnotes":""},"categories":[175],"tags":[223],"class_list":["post-63662","post","type-post","status-publish","format-standard","has-post-thumbnail","hentry","category-local","tag-puebla"],"amp_enabled":true,"_links":{"self":[{"href":"https:\/\/lahora.mx\/index.php\/wp-json\/wp\/v2\/posts\/63662","targetHints":{"allow":["GET"]}}],"collection":[{"href":"https:\/\/lahora.mx\/index.php\/wp-json\/wp\/v2\/posts"}],"about":[{"href":"https:\/\/lahora.mx\/index.php\/wp-json\/wp\/v2\/types\/post"}],"author":[{"embeddable":true,"href":"https:\/\/lahora.mx\/index.php\/wp-json\/wp\/v2\/users\/4"}],"replies":[{"embeddable":true,"href":"https:\/\/lahora.mx\/index.php\/wp-json\/wp\/v2\/comments?post=63662"}],"version-history":[{"count":1,"href":"https:\/\/lahora.mx\/index.php\/wp-json\/wp\/v2\/posts\/63662\/revisions"}],"predecessor-version":[{"id":63664,"href":"https:\/\/lahora.mx\/index.php\/wp-json\/wp\/v2\/posts\/63662\/revisions\/63664"}],"wp:featuredmedia":[{"embeddable":true,"href":"https:\/\/lahora.mx\/index.php\/wp-json\/wp\/v2\/media\/63663"}],"wp:attachment":[{"href":"https:\/\/lahora.mx\/index.php\/wp-json\/wp\/v2\/media?parent=63662"}],"wp:term":[{"taxonomy":"category","embeddable":true,"href":"https:\/\/lahora.mx\/index.php\/wp-json\/wp\/v2\/categories?post=63662"},{"taxonomy":"post_tag","embeddable":true,"href":"https:\/\/lahora.mx\/index.php\/wp-json\/wp\/v2\/tags?post=63662"}],"curies":[{"name":"wp","href":"https:\/\/api.w.org\/{rel}","templated":true}]}}