{"id":63659,"date":"2025-06-10T13:25:36","date_gmt":"2025-06-10T13:25:36","guid":{"rendered":"https:\/\/lahora.mx\/?p=63659"},"modified":"2025-06-12T13:29:18","modified_gmt":"2025-06-12T13:29:18","slug":"aqui-si-se-chambea-en-equipo-roberto-solis-arranca-faena-comunitaria-en-casas-ara-huejotzingo","status":"publish","type":"post","link":"https:\/\/lahora.mx\/index.php\/2025\/06\/10\/aqui-si-se-chambea-en-equipo-roberto-solis-arranca-faena-comunitaria-en-casas-ara-huejotzingo\/","title":{"rendered":"\u201cAqu\u00ed s\u00ed se chambea en equipo\u201d: Roberto Sol\u00eds arranca faena comunitaria en Casas ARA, Huejotzingo"},"content":{"rendered":"\n<p>Con escoba en mano, pintura y nuevas luminarias, el presidente municipal Roberto Sol\u00eds Valles dio inicio a una faena comunitaria en Casas ARA, en compa\u00f1\u00eda de vecinas, vecinos y trabajadores del Ayuntamiento, quienes se sumaron de manera voluntaria para limpiar, pintar y mejorar los espacios p\u00fablicos de la zona.<\/p>\n\n\n\n<p>Durante su discurso, el alcalde subray\u00f3 que estas acciones no son solo de imagen, sino una respuesta directa al abandono que por a\u00f1os ha sufrido la comunidad.<\/p>\n\n\n\n<p>\u201cVenimos de un enojo\u2026 no podemos pedirle a la gente que participe si el gobierno no mete las manos primero\u201d, expres\u00f3 Sol\u00eds frente a decenas de familias reunidas.<\/p>\n\n\n\n<p>La jornada incluy\u00f3 barrido de calles, poda, pintura de banquetas y reforestaci\u00f3n, as\u00ed como la instalaci\u00f3n de nuevas luminarias para brindar mayor seguridad en las calles. \u201cQueremos que ni\u00f1as y ni\u00f1os puedan salir al parque sin miedo, solo a jugar y divertirse\u201d, comparti\u00f3 el edil en sus redes sociales.<\/p>\n\n\n\n<p>Adem\u00e1s, anunci\u00f3 que en los pr\u00f3ximos d\u00edas se colocar\u00e1 se\u00f1al\u00e9tica horizontal con pintura termopl\u00e1stica a lo largo del bulevar principal, y que habr\u00e1 guardia en la unidad deportiva como parte de la estrategia de recuperaci\u00f3n de espacios p\u00fablicos.<\/p>\n\n\n\n<p>Sol\u00eds Valles reiter\u00f3 su compromiso con todas las zonas del municipio, sin distinci\u00f3n entre cabecera, barrios o fraccionamientos:<\/p>\n\n\n\n<p>\u201cHuejotzingo no es solo el centro. Aqu\u00ed no hay ciudadanos de primera ni de tercera. Todos valemos lo mismo\u201d.<\/p>\n\n\n\n<p>El alcalde tambi\u00e9n aprovech\u00f3 para reconocer la participaci\u00f3n voluntaria de funcionarios municipales, quienes acudieron en domingo a colaborar.<\/p>\n\n\n\n<p>\u201cSi en campa\u00f1a pedimos el apoyo sin horario, ahora que el pueblo nos paga, lo justo es seguir trabajando igual\u201d.<\/p>\n\n\n\n<p>Finalmente, adelant\u00f3 que en agosto se dar\u00e1 a conocer una gran cartelera de eventos y festividades que marcar\u00e1n el cierre de a\u00f1o y el inicio del Carnaval, dejando claro que su administraci\u00f3n apuesta por una gesti\u00f3n equilibrada: \u201cAntes hac\u00edan baile pero no obras. Hoy habr\u00e1 baile, obras y trabajo comunitario\u201d.<\/p>\n","protected":false},"excerpt":{"rendered":"<p>Con escoba en mano, pintura y nuevas luminarias, el presidente municipal Roberto Sol\u00eds Valles dio inicio a una faena comunitaria en Casas ARA, en compa\u00f1\u00eda de vecinas, vecinos y trabajadores del Ayuntamiento, quienes se sumaron de manera voluntaria para limpiar, pintar y mejorar los espacios p\u00fablicos de la zona. Durante su discurso, el alcalde subray\u00f3 [&hellip;]<\/p>\n","protected":false},"author":4,"featured_media":63660,"comment_status":"open","ping_status":"open","sticky":false,"template":"","format":"standard","meta":{"om_disable_all_campaigns":false,"_monsterinsights_skip_tracking":false,"_monsterinsights_sitenote_active":false,"_monsterinsights_sitenote_note":"","_monsterinsights_sitenote_category":0,"footnotes":""},"categories":[175],"tags":[223],"class_list":["post-63659","post","type-post","status-publish","format-standard","has-post-thumbnail","hentry","category-local","tag-puebla"],"amp_enabled":true,"_links":{"self":[{"href":"https:\/\/lahora.mx\/index.php\/wp-json\/wp\/v2\/posts\/63659","targetHints":{"allow":["GET"]}}],"collection":[{"href":"https:\/\/lahora.mx\/index.php\/wp-json\/wp\/v2\/posts"}],"about":[{"href":"https:\/\/lahora.mx\/index.php\/wp-json\/wp\/v2\/types\/post"}],"author":[{"embeddable":true,"href":"https:\/\/lahora.mx\/index.php\/wp-json\/wp\/v2\/users\/4"}],"replies":[{"embeddable":true,"href":"https:\/\/lahora.mx\/index.php\/wp-json\/wp\/v2\/comments?post=63659"}],"version-history":[{"count":1,"href":"https:\/\/lahora.mx\/index.php\/wp-json\/wp\/v2\/posts\/63659\/revisions"}],"predecessor-version":[{"id":63661,"href":"https:\/\/lahora.mx\/index.php\/wp-json\/wp\/v2\/posts\/63659\/revisions\/63661"}],"wp:featuredmedia":[{"embeddable":true,"href":"https:\/\/lahora.mx\/index.php\/wp-json\/wp\/v2\/media\/63660"}],"wp:attachment":[{"href":"https:\/\/lahora.mx\/index.php\/wp-json\/wp\/v2\/media?parent=63659"}],"wp:term":[{"taxonomy":"category","embeddable":true,"href":"https:\/\/lahora.mx\/index.php\/wp-json\/wp\/v2\/categories?post=63659"},{"taxonomy":"post_tag","embeddable":true,"href":"https:\/\/lahora.mx\/index.php\/wp-json\/wp\/v2\/tags?post=63659"}],"curies":[{"name":"wp","href":"https:\/\/api.w.org\/{rel}","templated":true}]}}