{"id":63656,"date":"2025-06-11T01:19:08","date_gmt":"2025-06-11T01:19:08","guid":{"rendered":"https:\/\/lahora.mx\/?p=63656"},"modified":"2025-06-12T13:14:57","modified_gmt":"2025-06-12T13:14:57","slug":"encabeza-jimmy-natale-campana-de-reforestacion-con-roberto-solis-y-shamy-spezia-en-huejotzingo","status":"publish","type":"post","link":"https:\/\/lahora.mx\/index.php\/2025\/06\/11\/encabeza-jimmy-natale-campana-de-reforestacion-con-roberto-solis-y-shamy-spezia-en-huejotzingo\/","title":{"rendered":"Encabeza Jimmy Natale Campa\u00f1a de Reforestaci\u00f3n con Roberto Sol\u00eds y Shamy Spezia en Huejotzingo"},"content":{"rendered":"\n<p>El dirigente estatal del Partido Verde Ecologista de M\u00e9xico (PVEM), Jimmy Natale, encabez\u00f3 este fin de semana en Huejotzingo el arranque de la llamada Campa\u00f1a Nacional de Reforestaci\u00f3n con el presidente municipal Roberto Sol\u00eds y de la presidenta del DIF municipal Shamy Spezia destacando que tiene el compromiso con el cuidado del medio ambiente.<\/p>\n\n\n\n<p>El evento en Huejotzingo fue el punto de partida de una jornada que forma parte de un esfuerzo nacional para enfrentar los efectos de la deforestaci\u00f3n destac\u00f3 Natale.<\/p>\n\n\n\n<p>\u201cPorque ser VERDE est\u00e1 en nuestro ADN, seguimos trabajando con convicci\u00f3n y pasi\u00f3n por el cuidado de nuestro planeta\u201d, expres\u00f3 el legislador a trav\u00e9s de sus redes sociales, reiterando que esta campa\u00f1a representa m\u00e1s que una acci\u00f3n simb\u00f3lica: es un compromiso con el futuro de las nuevas generaciones.<\/p>\n\n\n\n<p>El dirigente del Partido Verde detall\u00f3 que esta campa\u00f1a forma parte de un esfuerzo coordinado a nivel nacional para enfrentar los efectos de la deforestaci\u00f3n y el deterioro ambiental.<\/p>\n\n\n\n<p>Adem\u00e1s de plantar \u00e1rboles, Natale Uranga reiter\u00f3 que el evento sirvi\u00f3 para sensibilizar a las y los asistentes sobre la importancia de adoptar h\u00e1bitos sostenibles, desde la reducci\u00f3n del uso de pl\u00e1sticos hasta la separaci\u00f3n de residuos y el uso responsable del agua.<\/p>\n\n\n\n<p>Uno de los mensajes m\u00e1s importantes del evento fue el llamado a la participaci\u00f3n ciudadana.<\/p>\n\n\n\n<p>Jimmy Natale subray\u00f3 que el cuidado del medio ambiente no es una tarea exclusiva del gobierno o de los partidos pol\u00edticos, sino una responsabilidad compartida entre todos los sectores de la sociedad.<\/p>\n\n\n\n<p>\u201cEsta campa\u00f1a busca generar conciencia, pero tambi\u00e9n acci\u00f3n. Plantar un \u00e1rbol es un s\u00edmbolo de esperanza y un acto de responsabilidad con el planeta\u201d, coment\u00f3 el dirigente.<\/p>\n\n\n\n<p>La jornada no solo consisti\u00f3 en la plantaci\u00f3n de \u00e1rboles; tambi\u00e9n incluy\u00f3 actividades de educaci\u00f3n ambiental, charlas sobre biodiversidad y entrega de material informativo para promover una cultura del cuidado ecol\u00f3gico en las familias.<\/p>\n\n\n\n<p>Finalmente, agradeci\u00f3 al ayuntamiento de Huejotzingo por abrir las puertas a esta iniciativa y colaborar activamente en su realizaci\u00f3n, destacando que las pol\u00edticas locales son fundamentales para lograr cambios significativos en materia ambiental.<\/p>\n","protected":false},"excerpt":{"rendered":"<p>El dirigente estatal del Partido Verde Ecologista de M\u00e9xico (PVEM), Jimmy Natale, encabez\u00f3 este fin de semana en Huejotzingo el arranque de la llamada Campa\u00f1a Nacional de Reforestaci\u00f3n con el presidente municipal Roberto Sol\u00eds y de la presidenta del DIF municipal Shamy Spezia destacando que tiene el compromiso con el cuidado del medio ambiente. El [&hellip;]<\/p>\n","protected":false},"author":4,"featured_media":63657,"comment_status":"open","ping_status":"open","sticky":false,"template":"","format":"standard","meta":{"om_disable_all_campaigns":false,"_monsterinsights_skip_tracking":false,"_monsterinsights_sitenote_active":false,"_monsterinsights_sitenote_note":"","_monsterinsights_sitenote_category":0,"footnotes":""},"categories":[175],"tags":[223],"class_list":["post-63656","post","type-post","status-publish","format-standard","has-post-thumbnail","hentry","category-local","tag-puebla"],"amp_enabled":true,"_links":{"self":[{"href":"https:\/\/lahora.mx\/index.php\/wp-json\/wp\/v2\/posts\/63656","targetHints":{"allow":["GET"]}}],"collection":[{"href":"https:\/\/lahora.mx\/index.php\/wp-json\/wp\/v2\/posts"}],"about":[{"href":"https:\/\/lahora.mx\/index.php\/wp-json\/wp\/v2\/types\/post"}],"author":[{"embeddable":true,"href":"https:\/\/lahora.mx\/index.php\/wp-json\/wp\/v2\/users\/4"}],"replies":[{"embeddable":true,"href":"https:\/\/lahora.mx\/index.php\/wp-json\/wp\/v2\/comments?post=63656"}],"version-history":[{"count":1,"href":"https:\/\/lahora.mx\/index.php\/wp-json\/wp\/v2\/posts\/63656\/revisions"}],"predecessor-version":[{"id":63658,"href":"https:\/\/lahora.mx\/index.php\/wp-json\/wp\/v2\/posts\/63656\/revisions\/63658"}],"wp:featuredmedia":[{"embeddable":true,"href":"https:\/\/lahora.mx\/index.php\/wp-json\/wp\/v2\/media\/63657"}],"wp:attachment":[{"href":"https:\/\/lahora.mx\/index.php\/wp-json\/wp\/v2\/media?parent=63656"}],"wp:term":[{"taxonomy":"category","embeddable":true,"href":"https:\/\/lahora.mx\/index.php\/wp-json\/wp\/v2\/categories?post=63656"},{"taxonomy":"post_tag","embeddable":true,"href":"https:\/\/lahora.mx\/index.php\/wp-json\/wp\/v2\/tags?post=63656"}],"curies":[{"name":"wp","href":"https:\/\/api.w.org\/{rel}","templated":true}]}}