{"id":63653,"date":"2025-06-12T00:21:57","date_gmt":"2025-06-12T00:21:57","guid":{"rendered":"https:\/\/lahora.mx\/?p=63653"},"modified":"2025-06-12T00:21:58","modified_gmt":"2025-06-12T00:21:58","slug":"tras-horas-de-agonia-fallece-lider-de-la-28-de-octubre-baleado-en-valle-dorado","status":"publish","type":"post","link":"https:\/\/lahora.mx\/index.php\/2025\/06\/12\/tras-horas-de-agonia-fallece-lider-de-la-28-de-octubre-baleado-en-valle-dorado\/","title":{"rendered":"Tras horas de agon\u00eda, fallece l\u00edder de la 28 de Octubre baleado en Valle Dorado"},"content":{"rendered":"\n<p>Se confirma el fallecimiento del coordinador de la 28 de Octubre, N\u00e9stor Jes\u00fas G.G. tras recibir dos disparos la noche de ayer en la colonia Valle Dorado. La v\u00edctima fue llevada con vida a un hospital en donde m\u00e1s tarde se report\u00f3 su deceso.<\/p>\n\n\n\n<p>Luego de permanecer hospitalizado algunas horas, personal m\u00e9dico del Hospital de Traumatolog\u00eda y Ortopedia inform\u00f3 acerca del fallecimiento de N\u00e9stor Jes\u00fas G.G., el coordinador de la 28 de Octubre que fue atacado a disparos cuando llegaba a su domicilio en la colonia Valle Dorado.<\/p>\n\n\n\n<p>Fue incluso la propia fiscal del Estado, Idamis Pastor Betancourt, quien confirm\u00f3 dicha versi\u00f3n, aclarando que, las primeras horas de este mi\u00e9rcoles, fue que se le notific\u00f3 acerca del deceso del hombre.<\/p>\n\n\n\n<p>Es importante mencionar que, N\u00e9stor Jes\u00fas fue atacado a disparos al filo de las 20:00 horas del d\u00eda martes, siendo el presunto responsable de su muerte un solitario sujeto en motocicleta, quien lo intercept\u00f3 a la altura de la 22-B Poniente y la 33 Norte, lesion\u00e1ndolo en dos ocasiones.<\/p>\n\n\n\n<p>Informaci\u00f3n a la que tuvo acceso DIARIO CAMBIO, revela que, la v\u00edctima recibi\u00f3 dos disparos, uno en la cara y otro en la mano, pero aunque logr\u00f3 sobrevivir -de primer momento- al ataque y fue llevado grave a un hospital, m\u00e1s tarde muri\u00f3.<\/p>\n","protected":false},"excerpt":{"rendered":"<p>Se confirma el fallecimiento del coordinador de la 28 de Octubre, N\u00e9stor Jes\u00fas G.G. tras recibir dos disparos la noche de ayer en la colonia Valle Dorado. La v\u00edctima fue llevada con vida a un hospital en donde m\u00e1s tarde se report\u00f3 su deceso. Luego de permanecer hospitalizado algunas horas, personal m\u00e9dico del Hospital de [&hellip;]<\/p>\n","protected":false},"author":4,"featured_media":63654,"comment_status":"open","ping_status":"open","sticky":false,"template":"","format":"standard","meta":{"om_disable_all_campaigns":false,"_monsterinsights_skip_tracking":false,"_monsterinsights_sitenote_active":false,"_monsterinsights_sitenote_note":"","_monsterinsights_sitenote_category":0,"footnotes":""},"categories":[175],"tags":[223],"class_list":["post-63653","post","type-post","status-publish","format-standard","has-post-thumbnail","hentry","category-local","tag-puebla"],"amp_enabled":true,"_links":{"self":[{"href":"https:\/\/lahora.mx\/index.php\/wp-json\/wp\/v2\/posts\/63653","targetHints":{"allow":["GET"]}}],"collection":[{"href":"https:\/\/lahora.mx\/index.php\/wp-json\/wp\/v2\/posts"}],"about":[{"href":"https:\/\/lahora.mx\/index.php\/wp-json\/wp\/v2\/types\/post"}],"author":[{"embeddable":true,"href":"https:\/\/lahora.mx\/index.php\/wp-json\/wp\/v2\/users\/4"}],"replies":[{"embeddable":true,"href":"https:\/\/lahora.mx\/index.php\/wp-json\/wp\/v2\/comments?post=63653"}],"version-history":[{"count":1,"href":"https:\/\/lahora.mx\/index.php\/wp-json\/wp\/v2\/posts\/63653\/revisions"}],"predecessor-version":[{"id":63655,"href":"https:\/\/lahora.mx\/index.php\/wp-json\/wp\/v2\/posts\/63653\/revisions\/63655"}],"wp:featuredmedia":[{"embeddable":true,"href":"https:\/\/lahora.mx\/index.php\/wp-json\/wp\/v2\/media\/63654"}],"wp:attachment":[{"href":"https:\/\/lahora.mx\/index.php\/wp-json\/wp\/v2\/media?parent=63653"}],"wp:term":[{"taxonomy":"category","embeddable":true,"href":"https:\/\/lahora.mx\/index.php\/wp-json\/wp\/v2\/categories?post=63653"},{"taxonomy":"post_tag","embeddable":true,"href":"https:\/\/lahora.mx\/index.php\/wp-json\/wp\/v2\/tags?post=63653"}],"curies":[{"name":"wp","href":"https:\/\/api.w.org\/{rel}","templated":true}]}}