{"id":63647,"date":"2025-06-11T18:31:52","date_gmt":"2025-06-11T18:31:52","guid":{"rendered":"https:\/\/lahora.mx\/?p=63647"},"modified":"2025-06-11T18:31:53","modified_gmt":"2025-06-11T18:31:53","slug":"cae-la-marrana-sanguinario-lider-criminal-ligado-al-cartel-de-las-cuatro-letras-que-sembraba-terror-en-puebla","status":"publish","type":"post","link":"https:\/\/lahora.mx\/index.php\/2025\/06\/11\/cae-la-marrana-sanguinario-lider-criminal-ligado-al-cartel-de-las-cuatro-letras-que-sembraba-terror-en-puebla\/","title":{"rendered":"Cae \u2018La Marrana\u2019, sanguinario l\u00edder criminal ligado al C\u00e1rtel de las cuatro letras que sembraba terror en Puebla"},"content":{"rendered":"\n<p>Uno de los generadores de violencia en Puebla con mayor presencia en el estado y vinculado con otros grupos criminales en Jalisco ya fue detenido por las autoridades. Se trata de Alberto N., presunto responsable de robos, extorsiones, secuestros y ejecuciones, las cuales firmaba con la leyenda \u201cLa Marrana CJNG\u201c.<\/p>\n\n\n\n<p>La Fiscal\u00eda General del Estado confirm\u00f3 la detenci\u00f3n de Alberto N., jefe de plaza en la zona de Santa Rita Tlahuapan, San Mat\u00edas Tlalancaleca y San Salvador El Verde, en Puebla.<\/p>\n\n\n\n<p>Este personaje era considerado un objetivo prioritario para las autoridades, toda vez que se le identificaba como uno de los principales generadores de violencia en la entidad, debido a que se hab\u00eda aliado con grupos delictivos originarios de Jalisco para fortalecer su poder.<\/p>\n\n\n\n<p>La detenci\u00f3n de Alberto N. ocurri\u00f3 sobre la autopista 150 M\u00e9xico\u2013Puebla, a la altura del municipio de Valle de Chalco, gracias a un cerco institucional implementado en la entidad para lograr su captura.<\/p>\n\n\n\n<p>Es importante mencionar que este peligroso sujeto estar\u00eda relacionado con diversos robos a transporte de carga, huachigas, extorsiones, secuestros y ejecuciones firmadas con la leyenda \u201cLa Marrana\u201d. Adem\u00e1s, se le atribuye el asesinato de un hombre, a quien decapit\u00f3 y envolvi\u00f3 en pl\u00e1stico el pasado 23 de marzo de este a\u00f1o, en Puebla.<\/p>\n","protected":false},"excerpt":{"rendered":"<p>Uno de los generadores de violencia en Puebla con mayor presencia en el estado y vinculado con otros grupos criminales en Jalisco ya fue detenido por las autoridades. Se trata de Alberto N., presunto responsable de robos, extorsiones, secuestros y ejecuciones, las cuales firmaba con la leyenda \u201cLa Marrana CJNG\u201c. La Fiscal\u00eda General del Estado [&hellip;]<\/p>\n","protected":false},"author":4,"featured_media":63648,"comment_status":"open","ping_status":"open","sticky":false,"template":"","format":"standard","meta":{"om_disable_all_campaigns":false,"_monsterinsights_skip_tracking":false,"_monsterinsights_sitenote_active":false,"_monsterinsights_sitenote_note":"","_monsterinsights_sitenote_category":0,"footnotes":""},"categories":[175,226],"tags":[223],"class_list":["post-63647","post","type-post","status-publish","format-standard","has-post-thumbnail","hentry","category-local","category-policia","tag-puebla"],"amp_enabled":true,"_links":{"self":[{"href":"https:\/\/lahora.mx\/index.php\/wp-json\/wp\/v2\/posts\/63647","targetHints":{"allow":["GET"]}}],"collection":[{"href":"https:\/\/lahora.mx\/index.php\/wp-json\/wp\/v2\/posts"}],"about":[{"href":"https:\/\/lahora.mx\/index.php\/wp-json\/wp\/v2\/types\/post"}],"author":[{"embeddable":true,"href":"https:\/\/lahora.mx\/index.php\/wp-json\/wp\/v2\/users\/4"}],"replies":[{"embeddable":true,"href":"https:\/\/lahora.mx\/index.php\/wp-json\/wp\/v2\/comments?post=63647"}],"version-history":[{"count":1,"href":"https:\/\/lahora.mx\/index.php\/wp-json\/wp\/v2\/posts\/63647\/revisions"}],"predecessor-version":[{"id":63649,"href":"https:\/\/lahora.mx\/index.php\/wp-json\/wp\/v2\/posts\/63647\/revisions\/63649"}],"wp:featuredmedia":[{"embeddable":true,"href":"https:\/\/lahora.mx\/index.php\/wp-json\/wp\/v2\/media\/63648"}],"wp:attachment":[{"href":"https:\/\/lahora.mx\/index.php\/wp-json\/wp\/v2\/media?parent=63647"}],"wp:term":[{"taxonomy":"category","embeddable":true,"href":"https:\/\/lahora.mx\/index.php\/wp-json\/wp\/v2\/categories?post=63647"},{"taxonomy":"post_tag","embeddable":true,"href":"https:\/\/lahora.mx\/index.php\/wp-json\/wp\/v2\/tags?post=63647"}],"curies":[{"name":"wp","href":"https:\/\/api.w.org\/{rel}","templated":true}]}}