{"id":63644,"date":"2025-06-11T18:30:54","date_gmt":"2025-06-11T18:30:54","guid":{"rendered":"https:\/\/lahora.mx\/?p=63644"},"modified":"2025-06-11T18:30:55","modified_gmt":"2025-06-11T18:30:55","slug":"naranjitas-toman-bulevar-valsequillo","status":"publish","type":"post","link":"https:\/\/lahora.mx\/index.php\/2025\/06\/11\/naranjitas-toman-bulevar-valsequillo\/","title":{"rendered":"Naranjitas toman bulevar Valsequillo"},"content":{"rendered":"\n<p>Las trabajadoras del Organismo Operador del Servicio de Limpia (OOSL) de la ciudad de Puebla acusaron al titular de la dependencia, Ricardo Omar Rodr\u00edguez Corte, de contar con 27 trabajadores se\u00f1alados como aviadores dentro de la dependencia y reducir la fuerza laboral en la urbe.<\/p>\n\n\n\n<p>Por estas denuncias hoy a las 08 :00 horas un grupo de por lo menos 100 trabajadoras de limpia \u2014conocidas como naranjitas\u2014 bloquearon la entrada de las instalaciones del organismo que se ubican sobre bulevar Valsequillo y Carlos Camacho Esp\u00edritu.<\/p>\n\n\n\n<p>Las trabajadoras, militantes de reci\u00e9n creado sindicato Ricardo Flores Mag\u00f3n, exigieron una reuni\u00f3n con el presidente municipal de Puebla, Jos\u00e9 Chedraui Budib, para que sea \u00e9l quien revise el trabajo de Omar Rodr\u00edguez.<\/p>\n\n\n\n<p>Respecto al titular del OOSL municipal poblano las mujeres se\u00f1alaron que se ha negado sistem\u00e1ticamente al dialogo.<\/p>\n\n\n\n<p>La manifestaci\u00f3n provoc\u00f3 que cientos de ciudadanos que se dirig\u00edan a su trabajo en zonas la zona de Ciudad Universitaria o Valsequillo caminar\u00e1n desde la estaci\u00f3n de Bomberos de la L\u00ednea 3 del RUTA, ya que el metrob\u00fas poblano dej\u00f3 de funcionar a partir de ese tramo.<\/p>\n\n\n\n<p>Las demandas de las naranjitas<br>Dolores Cort\u00e9s, una de las empleadas del OOSL de la ciudad de Puebla revel\u00f3 para e-consulta que existen distintas anomal\u00edas dentro de la dependencia: acus\u00f3 nepotismo y el permitir aviadores, es decir, trabajadores p\u00fablicos que cobran sin cumplir las funciones que les corresponden.<\/p>\n\n\n\n<p>A raz\u00f3n de la manifestante estas acciones ya las debe permitir el Ayuntamiento de Puebla.<\/p>\n\n\n\n<p>Denunci\u00f3 de forma p\u00fablica que se ya se detectaron al menos a 27 personas que est\u00e1n registradas como trabajadores, pero no se presentan a su labor.<\/p>\n\n\n\n<p>Las naranjitas acusaron que adem\u00e1s Omar Cort\u00e9s tiene en n\u00f3mina a su padre \u2014identificado como Gaspar\u2014 quien aseguraron solamente se presenta en el Organismo para cobrar su salario, pero no a laborar.<\/p>\n\n\n\n<p>Otro problema existe al interior del Organismo Operador del Servicio de Limpia poblano: existen 14 vacantes que a\u00fan no se han ocupado, por lo que las manifestantes temen que se utilicen para m\u00e1s aviadores.<\/p>\n\n\n\n<p>Advirtieron que no se retirar\u00e1n del edificio hasta que sean atendidas por el Gobierno Municipal de Puebla y se eliminen est\u00e1s pr\u00e1cticas.<\/p>\n\n\n\n<p>Servicio de Limpia responde<br>Al respecto el OOSL public\u00f3 un comunicado en que expres\u00f3 que el director Omar Rodr\u00edguez ya dialoga con las manifestantes.<\/p>\n\n\n\n<p>Inform\u00f3 que el servicio de recolecci\u00f3n y limpieza en la ciudad no se ha suspendido y que reconocen la labor del d\u00eda a d\u00eda que presta el personal de barrido manual y barrido mec\u00e1nico en el municipio.<\/p>\n\n\n\n<p>\u201cEl organismo reafirma su compromiso de seguir trabajando por el bienestar y fortalecimiento de las condiciones laborales de todo el personal, en un entorno de respeto a sus derechos y a la libre organizaci\u00f3n sindical\u201d, respondieron a la ciudadan\u00eda en un comunicado por redes sociales. (<\/p>\n","protected":false},"excerpt":{"rendered":"<p>Las trabajadoras del Organismo Operador del Servicio de Limpia (OOSL) de la ciudad de Puebla acusaron al titular de la dependencia, Ricardo Omar Rodr\u00edguez Corte, de contar con 27 trabajadores se\u00f1alados como aviadores dentro de la dependencia y reducir la fuerza laboral en la urbe. Por estas denuncias hoy a las 08 :00 horas un [&hellip;]<\/p>\n","protected":false},"author":4,"featured_media":63645,"comment_status":"open","ping_status":"open","sticky":false,"template":"","format":"standard","meta":{"om_disable_all_campaigns":false,"_monsterinsights_skip_tracking":false,"_monsterinsights_sitenote_active":false,"_monsterinsights_sitenote_note":"","_monsterinsights_sitenote_category":0,"footnotes":""},"categories":[175],"tags":[195,223],"class_list":["post-63644","post","type-post","status-publish","format-standard","has-post-thumbnail","hentry","category-local","tag-principal","tag-puebla"],"amp_enabled":true,"_links":{"self":[{"href":"https:\/\/lahora.mx\/index.php\/wp-json\/wp\/v2\/posts\/63644","targetHints":{"allow":["GET"]}}],"collection":[{"href":"https:\/\/lahora.mx\/index.php\/wp-json\/wp\/v2\/posts"}],"about":[{"href":"https:\/\/lahora.mx\/index.php\/wp-json\/wp\/v2\/types\/post"}],"author":[{"embeddable":true,"href":"https:\/\/lahora.mx\/index.php\/wp-json\/wp\/v2\/users\/4"}],"replies":[{"embeddable":true,"href":"https:\/\/lahora.mx\/index.php\/wp-json\/wp\/v2\/comments?post=63644"}],"version-history":[{"count":1,"href":"https:\/\/lahora.mx\/index.php\/wp-json\/wp\/v2\/posts\/63644\/revisions"}],"predecessor-version":[{"id":63646,"href":"https:\/\/lahora.mx\/index.php\/wp-json\/wp\/v2\/posts\/63644\/revisions\/63646"}],"wp:featuredmedia":[{"embeddable":true,"href":"https:\/\/lahora.mx\/index.php\/wp-json\/wp\/v2\/media\/63645"}],"wp:attachment":[{"href":"https:\/\/lahora.mx\/index.php\/wp-json\/wp\/v2\/media?parent=63644"}],"wp:term":[{"taxonomy":"category","embeddable":true,"href":"https:\/\/lahora.mx\/index.php\/wp-json\/wp\/v2\/categories?post=63644"},{"taxonomy":"post_tag","embeddable":true,"href":"https:\/\/lahora.mx\/index.php\/wp-json\/wp\/v2\/tags?post=63644"}],"curies":[{"name":"wp","href":"https:\/\/api.w.org\/{rel}","templated":true}]}}