{"id":63641,"date":"2025-06-11T16:44:07","date_gmt":"2025-06-11T16:44:07","guid":{"rendered":"https:\/\/lahora.mx\/?p=63641"},"modified":"2025-06-11T16:44:08","modified_gmt":"2025-06-11T16:44:08","slug":"tormenta-con-aguaviento-derriba-otro-arbol-en-atlixco-van-cuatro-en-2025","status":"publish","type":"post","link":"https:\/\/lahora.mx\/index.php\/2025\/06\/11\/tormenta-con-aguaviento-derriba-otro-arbol-en-atlixco-van-cuatro-en-2025\/","title":{"rendered":"Tormenta con aguaviento derriba otro \u00e1rbol en Atlixco; van cuatro en 2025"},"content":{"rendered":"\n<p>La tormenta con aguaviento registrada la tarde del 10 de junio provoc\u00f3 la ca\u00edda de un \u00e1rbol de grandes dimensiones en el Camino a Rancho Gamboa, a la altura de la calle 45 Poniente, sin que se reportaran personas lesionadas.<\/p>\n\n\n\n<p>Con este caso, suman cuatro \u00e1rboles ca\u00eddos en lo que va del a\u00f1o en el municipio a causa de las lluvias intensas. Elementos de Protecci\u00f3n Civil y del cuerpo de Bomberos acudieron al lugar para realizar labores de retiro y liberar la vialidad, que qued\u00f3 completamente obstruida por el tronco.<\/p>\n\n\n\n<p>Las autoridades se\u00f1alaron que, adem\u00e1s de la fuerza del viento y la lluvia, muchos de estos \u00e1rboles presentan debilidad estructural debido a su antig\u00fcedad o enfermedades, lo que los hace m\u00e1s vulnerables durante fen\u00f3menos clim\u00e1ticos intensos.<\/p>\n\n\n\n<p>Vecinos de Atlixco tambi\u00e9n han manifestado preocupaci\u00f3n por la presencia de granizo en las dos \u00faltimas tormentas, lo cual podr\u00eda afectar las siembras y cultivos de temporada.<\/p>\n\n\n\n<p>Ante la intensidad creciente de las precipitaciones, Protecci\u00f3n Civil alert\u00f3 sobre los riesgos asociados a la temporada de huracanes y exhort\u00f3 a la poblaci\u00f3n que habita en zonas cercanas a r\u00edos o laderas a mantenerse en alerta y reportar cualquier situaci\u00f3n de emergencia.<\/p>\n\n\n\n<p>Despu\u00e9s de la tormenta, brigadas de bomberos y Protecci\u00f3n Civil realizaron recorridos preventivos por diversas colonias para atender posibles afectaciones.<\/p>\n","protected":false},"excerpt":{"rendered":"<p>La tormenta con aguaviento registrada la tarde del 10 de junio provoc\u00f3 la ca\u00edda de un \u00e1rbol de grandes dimensiones en el Camino a Rancho Gamboa, a la altura de la calle 45 Poniente, sin que se reportaran personas lesionadas. Con este caso, suman cuatro \u00e1rboles ca\u00eddos en lo que va del a\u00f1o en el [&hellip;]<\/p>\n","protected":false},"author":4,"featured_media":63642,"comment_status":"open","ping_status":"open","sticky":false,"template":"","format":"standard","meta":{"om_disable_all_campaigns":false,"_monsterinsights_skip_tracking":false,"_monsterinsights_sitenote_active":false,"_monsterinsights_sitenote_note":"","_monsterinsights_sitenote_category":0,"footnotes":""},"categories":[175],"tags":[223],"class_list":["post-63641","post","type-post","status-publish","format-standard","has-post-thumbnail","hentry","category-local","tag-puebla"],"amp_enabled":true,"_links":{"self":[{"href":"https:\/\/lahora.mx\/index.php\/wp-json\/wp\/v2\/posts\/63641","targetHints":{"allow":["GET"]}}],"collection":[{"href":"https:\/\/lahora.mx\/index.php\/wp-json\/wp\/v2\/posts"}],"about":[{"href":"https:\/\/lahora.mx\/index.php\/wp-json\/wp\/v2\/types\/post"}],"author":[{"embeddable":true,"href":"https:\/\/lahora.mx\/index.php\/wp-json\/wp\/v2\/users\/4"}],"replies":[{"embeddable":true,"href":"https:\/\/lahora.mx\/index.php\/wp-json\/wp\/v2\/comments?post=63641"}],"version-history":[{"count":1,"href":"https:\/\/lahora.mx\/index.php\/wp-json\/wp\/v2\/posts\/63641\/revisions"}],"predecessor-version":[{"id":63643,"href":"https:\/\/lahora.mx\/index.php\/wp-json\/wp\/v2\/posts\/63641\/revisions\/63643"}],"wp:featuredmedia":[{"embeddable":true,"href":"https:\/\/lahora.mx\/index.php\/wp-json\/wp\/v2\/media\/63642"}],"wp:attachment":[{"href":"https:\/\/lahora.mx\/index.php\/wp-json\/wp\/v2\/media?parent=63641"}],"wp:term":[{"taxonomy":"category","embeddable":true,"href":"https:\/\/lahora.mx\/index.php\/wp-json\/wp\/v2\/categories?post=63641"},{"taxonomy":"post_tag","embeddable":true,"href":"https:\/\/lahora.mx\/index.php\/wp-json\/wp\/v2\/tags?post=63641"}],"curies":[{"name":"wp","href":"https:\/\/api.w.org\/{rel}","templated":true}]}}