{"id":63619,"date":"2025-05-30T01:40:44","date_gmt":"2025-05-30T01:40:44","guid":{"rendered":"https:\/\/lahora.mx\/?p=63619"},"modified":"2025-06-11T01:41:57","modified_gmt":"2025-06-11T01:41:57","slug":"reconocen-a-docentes-en-congreso-por-su-amplia-y-destacada-labor","status":"publish","type":"post","link":"https:\/\/lahora.mx\/index.php\/2025\/05\/30\/reconocen-a-docentes-en-congreso-por-su-amplia-y-destacada-labor\/","title":{"rendered":"Reconocen a docentes en Congreso por su amplia y destacada labor\u00a0"},"content":{"rendered":"\n<p>Con el prop\u00f3sito de destacar la trayectoria de maestras y maestros en la entidad, as\u00ed como su labor en la transformaci\u00f3n de comunidades y de su entorno, en el Congreso del Estado la diputada Azucena Rosas Tapia entreg\u00f3 reconocimientos a docentes con m\u00e1s de una d\u00e9cada de servicio.&nbsp;<\/p>\n\n\n\n<p>\u201cRendimos este homenaje a su entrega, a sus a\u00f1os de servicio, que no solo se cuentan en tiempo, sino tambi\u00e9n en miles de historias de las y los alumnos que ustedes han transformado con su vocaci\u00f3n genuina\u201d, expres\u00f3 la diputada.&nbsp;&nbsp;<\/p>\n\n\n\n<p>Adem\u00e1s, resalt\u00f3 las acciones que se han emprendido en el Congreso del Estado para dignificar la labor docente, para que las y los maestros cuenten con mejores condiciones para el desempe\u00f1o de sus actividades, al ser una pieza clave en la reconstrucci\u00f3n del tejido social.&nbsp;<\/p>\n\n\n\n<p>Por su parte, el Secretario General del Congreso, Julio Leopoldo de Lara Valera destac\u00f3 que la labor de las y los maestros est\u00e1 vinculada a los avances y transformaciones sociales y culturales, por ello es de trascendencia el trabajo que realizan a diario.&nbsp;<\/p>\n\n\n\n<p>Durante la entrega de reconocimientos estuvo presente la diputada Floricel Gonz\u00e1lez M\u00e9ndez; la titular del Voluntariado, Minerva Garc\u00eda Ch\u00e1vez; y el director General del Instituto de Investigaciones Legislativas, Financieras y Socioecon\u00f3micas, Oscar Emilio Carranza Le\u00f3n.&nbsp;<\/p>\n","protected":false},"excerpt":{"rendered":"<p>Con el prop\u00f3sito de destacar la trayectoria de maestras y maestros en la entidad, as\u00ed como su labor en la transformaci\u00f3n de comunidades y de su entorno, en el Congreso del Estado la diputada Azucena Rosas Tapia entreg\u00f3 reconocimientos a docentes con m\u00e1s de una d\u00e9cada de servicio.&nbsp; \u201cRendimos este homenaje a su entrega, a [&hellip;]<\/p>\n","protected":false},"author":4,"featured_media":63620,"comment_status":"open","ping_status":"open","sticky":false,"template":"","format":"standard","meta":{"om_disable_all_campaigns":false,"_monsterinsights_skip_tracking":false,"_monsterinsights_sitenote_active":false,"_monsterinsights_sitenote_note":"","_monsterinsights_sitenote_category":0,"footnotes":""},"categories":[175],"tags":[227,223],"class_list":["post-63619","post","type-post","status-publish","format-standard","has-post-thumbnail","hentry","category-local","tag-congreso","tag-puebla"],"amp_enabled":true,"_links":{"self":[{"href":"https:\/\/lahora.mx\/index.php\/wp-json\/wp\/v2\/posts\/63619","targetHints":{"allow":["GET"]}}],"collection":[{"href":"https:\/\/lahora.mx\/index.php\/wp-json\/wp\/v2\/posts"}],"about":[{"href":"https:\/\/lahora.mx\/index.php\/wp-json\/wp\/v2\/types\/post"}],"author":[{"embeddable":true,"href":"https:\/\/lahora.mx\/index.php\/wp-json\/wp\/v2\/users\/4"}],"replies":[{"embeddable":true,"href":"https:\/\/lahora.mx\/index.php\/wp-json\/wp\/v2\/comments?post=63619"}],"version-history":[{"count":1,"href":"https:\/\/lahora.mx\/index.php\/wp-json\/wp\/v2\/posts\/63619\/revisions"}],"predecessor-version":[{"id":63621,"href":"https:\/\/lahora.mx\/index.php\/wp-json\/wp\/v2\/posts\/63619\/revisions\/63621"}],"wp:featuredmedia":[{"embeddable":true,"href":"https:\/\/lahora.mx\/index.php\/wp-json\/wp\/v2\/media\/63620"}],"wp:attachment":[{"href":"https:\/\/lahora.mx\/index.php\/wp-json\/wp\/v2\/media?parent=63619"}],"wp:term":[{"taxonomy":"category","embeddable":true,"href":"https:\/\/lahora.mx\/index.php\/wp-json\/wp\/v2\/categories?post=63619"},{"taxonomy":"post_tag","embeddable":true,"href":"https:\/\/lahora.mx\/index.php\/wp-json\/wp\/v2\/tags?post=63619"}],"curies":[{"name":"wp","href":"https:\/\/api.w.org\/{rel}","templated":true}]}}