{"id":63616,"date":"2025-05-29T01:38:44","date_gmt":"2025-05-29T01:38:44","guid":{"rendered":"https:\/\/lahora.mx\/?p=63616"},"modified":"2025-06-11T01:39:57","modified_gmt":"2025-06-11T01:39:57","slug":"avala-congreso-reformas-para-la-creacion-de-sedes-regionales-de-la-universidad-de-la-salud","status":"publish","type":"post","link":"https:\/\/lahora.mx\/index.php\/2025\/05\/29\/avala-congreso-reformas-para-la-creacion-de-sedes-regionales-de-la-universidad-de-la-salud\/","title":{"rendered":"Avala Congreso reformas para la creaci\u00f3n de sedes regionales de la Universidad de la Salud\u00a0"},"content":{"rendered":"\n<p>El Pleno de la LXII Legislatura del Congreso del Estado aprob\u00f3 el dictamen para reformar y adicionar diversas disposiciones del decreto que crea el Organismo P\u00fablico Descentralizado denominado \u00abUniversidad de la Salud\u00bb, que permite a la instituci\u00f3n educativa la creaci\u00f3n de sedes regionales en la entidad, en especial en zonas rurales.<\/p>\n\n\n\n<p>En las modificaciones, se establece como objeto de la universidad la promoci\u00f3n del intercambio docente y estudiantil; fortalece el v\u00ednculo de la instituci\u00f3n con los sectores p\u00fablico y privado; tambi\u00e9n le atribuye la emisi\u00f3n de certificados de estudios, constancias, reconocimientos y distinciones especiales y la gesti\u00f3n de t\u00edtulos.&nbsp;<\/p>\n\n\n\n<p>En sus atribuciones para la universidad, tambi\u00e9n se considera la realizaci\u00f3n de tr\u00e1mites para gestionar programas federales; e incorpora dentro de su estructura org\u00e1nica una Secretar\u00eda Acad\u00e9mica, Administrativa, de Planeaci\u00f3n, Evaluaci\u00f3n y Tecnolog\u00eda de la Informaci\u00f3n y de Vinculaci\u00f3n y Extensi\u00f3n Universitaria.&nbsp;<\/p>\n\n\n\n<p>Adem\u00e1s, con las reformas se clarifica que la duraci\u00f3n del rectorado ser\u00e1 de cuatro a\u00f1os y, dentro de los requisitos para ocupar este cargo se consideran perfiles de administraci\u00f3n de servicios de salud o de educaci\u00f3n.&nbsp;<\/p>\n\n\n\n<p>Durante la sesi\u00f3n, tambi\u00e9n se aprob\u00f3 el dictamen para reformar y derogar diversas disposiciones de la Constituci\u00f3n Pol\u00edtica del Estado de Puebla, con la finalidad de armonizar el ordenamiento con la Constituci\u00f3n federal en materia de transparencia, simplificaci\u00f3n administrativa, as\u00ed como de nepotismo y no reelecci\u00f3n.<\/p>\n\n\n\n<p>Con las modificaciones, se incorpora como objeto de las Leyes el reconocimiento, fomento y preservaci\u00f3n de los saberes colectivos, as\u00ed como del patrimonio ling\u00fc\u00edstico, cultural y natural; tambi\u00e9n se reconoce como deber de los habitantes de Estado el recibir educaci\u00f3n superior, de conformidad con las Leyes y acciones impulsadas por el Gobierno.<\/p>\n\n\n\n<p>De igual forma, se plantea una armonizaci\u00f3n en materia de nepotismo electoral y no reelecci\u00f3n, a fin de prohibir la reelecci\u00f3n inmediata de diputadas y diputados locales, as\u00ed como de miembros de Ayuntamientos.<\/p>\n\n\n\n<p>Mediante el dictamen, se establece que las autoridades deber\u00e1n implementar pol\u00edticas p\u00fablicas de simplificaci\u00f3n administrativa y digitalizaci\u00f3n de tr\u00e1mites y servicios, buenas pr\u00e1cticas regulatorias, desarrollo y fortalecimiento de capacidades tecnol\u00f3gicas p\u00fablicas y los dem\u00e1s objetivos que establezca la legislaci\u00f3n en la materia.&nbsp;&nbsp;<\/p>\n\n\n\n<p>Durante el an\u00e1lisis y discusi\u00f3n del dictamen, en lo general y en lo particular, participaron con sus posicionamientos a favor y en contra las diputadas Azucena Rosas Tapia, Susana del Carmen Riestra Pi\u00f1a, Delfina Pozos Vergara y Fedrha Isabel Suriano Corrales, as\u00ed como el diputado Jos\u00e9 Miguel Trujillo de Ita.&nbsp;&nbsp;<\/p>\n\n\n\n<p>El Pleno del Congreso del Estado aval\u00f3 el dictamen para reformar y adicionar diversas disposiciones de la Constituci\u00f3n Pol\u00edtica del Estado de Puebla, en materia de igualdad sustantiva y erradicaci\u00f3n de la brecha salarial por razones de g\u00e9nero.<\/p>\n\n\n\n<p>Adem\u00e1s, se aprob\u00f3 el dictamen para reformar y adicionar diversas disposiciones de la Ley para la Igualdad entre Mujeres y Hombres del Estado de Puebla y de la Ley para el Acceso de las Mujeres a una Vida Libre de Violencia del Estado de Puebla, con el objetivo de establecer las formas y modalidades para observar el principio de paridad de g\u00e9nero en los nombramientos de las personas titulares de las Secretar\u00edas de despacho del Poder Ejecutivo Estatal y Municipal.<\/p>\n\n\n\n<p>As\u00ed como establecer que el Estado garantizar\u00e1 el goce y ejercicio del derecho a la igualdad sustantiva de las mujeres; tambi\u00e9n, que en el Estado de Puebla se vigilar\u00e1n y promover\u00e1n mecanismos para reducir y erradicar la brecha salarial de g\u00e9nero.<\/p>\n\n\n\n<p>Al respecto, la diputada Xel Arianna Hern\u00e1ndez Garc\u00eda, promovente de la propuesta, destac\u00f3 la relevancia de realizar nombramientos paritarios, as\u00ed como llevar a cabo acciones para erradicar la brecha salarial.<\/p>\n\n\n\n<p>Las y los diputados tambi\u00e9n avalaron el dictamen para modificar el destino de la donaci\u00f3n hecha por el Ayuntamiento del Municipio de Amozoc, a favor del Instituto Mexicano del Seguro Social (IMSS), a fin de que el inmueble identificado como el lote de terreno marcado con el n\u00famero 302 de la Calle R\u00edo Azul, Colonia Ex Hacienda las Animas, con una superficie total de 35,513.36 metros cuadrados, se destine para la construcci\u00f3n de un Hospital General Regional de ese Instituto, en lugar de la construcci\u00f3n de un Hospital General de Zona.<\/p>\n\n\n\n<p>Al respecto, el diputado Jos\u00e9 Miguel Trujillo de Ita se\u00f1al\u00f3 que esta modificaci\u00f3n no es menor, ya que es una decisi\u00f3n que eleva el alcance del proyecto e implica una mayor capacidad para atender no s\u00f3lo a las personas de Amozoc, sino a toda la regi\u00f3n.&nbsp;<\/p>\n\n\n\n<p>Las y los diputados de la LXII Legislatura aprobaron el dictamen ara autorizar al Ayuntamiento del Municipio de Cuautlancingo la enajenaci\u00f3n, bajo la figura de donaci\u00f3n a t\u00edtulo gratuito, del predio fusionado y formado por 18 parcelas del Ejido de San Lorenzo Almecatla, con una Superficie de 10,077.00 metros cuadrados, a favor del Gobierno Federal con destino a la Secretar\u00eda de Educaci\u00f3n P\u00fablica, para la construcci\u00f3n y funcionamiento del Centro de Bachillerato Tecnol\u00f3gico Industrial y de Servicios No. 300.<\/p>\n\n\n\n<p>Adem\u00e1s, se aprob\u00f3 el dictamen para reformar el decreto que crea el Colegio de Estudios Cient\u00edficos y Tecnol\u00f3gicos del Estado de Puebla, con la finalidad de suprimir la edad m\u00e1xima para ocupar la Direcci\u00f3n de este organismo, as\u00ed como establecer lenguaje incluyente.&nbsp;<\/p>\n\n\n\n<p>El Pleno tambi\u00e9n aval\u00f3 el acuerdo para exhortar a la Fiscal\u00eda General del Estado de Puebla a que ampl\u00ede el cat\u00e1logo de delitos que pueden ser denunciados a trav\u00e9s de medios electr\u00f3nicos, as\u00ed como para que realice las modificaciones y adecuaciones necesarias en el portal en l\u00ednea, con el fin de facilitar la presentaci\u00f3n de denuncias o querellas, garantizando en todo momento el acceso efectivo a la justicia y evitando la revictimizaci\u00f3n de las personas usuarias.<\/p>\n\n\n\n<p>Las y los diputados de la LXII Legislatura aprobaron el acuerdo para exhortar a la Secretar\u00eda de Gobernaci\u00f3n, a trav\u00e9s de la Coordinaci\u00f3n General de Protecci\u00f3n Civil y Gesti\u00f3n del Riesgo de Desastres, a los Ayuntamientos y a los Concejos Municipales del Estado, para que realicen actos de inspecci\u00f3n y vigilancia en los espacios donde se desarrollen eventos o espect\u00e1culos p\u00fablicos masivos, verificando que se cuente con los programas especiales de protecci\u00f3n civil, rutas de evacuaci\u00f3n, se\u00f1alizaci\u00f3n adecuada y brigadas capacitadas, con la finalidad de garantizar la seguridad de la ciudadan\u00eda.<\/p>\n\n\n\n<p>As\u00ed como supervisar la instalaci\u00f3n de templetes, juegos mec\u00e1nicos, quema de fuegos pirot\u00e9cnicos, instalaciones el\u00e9ctricas y de gas, para garantizar su correcto funcionamiento y seguridad, y evitar con ello accidentes en perjuicio de la ciudadan\u00eda poblana.<\/p>\n\n\n\n<p>El Congreso del Estado avalo el acuerdo que present\u00f3 la Comisi\u00f3n de Ciencia y Tecnolog\u00eda para exhortar a la Secretar\u00eda de Ciencia, Humanidades, Tecnolog\u00eda e Innovaci\u00f3n del Estado, a que impulse y promueva la vinculaci\u00f3n con personas investigadoras, cient\u00edficas e innovadoras con el sector industrial, con el fin de que su experiencia y conocimientos se integren al fortalecimiento del sector productivo local, generando beneficios para la producci\u00f3n, el comercio y el desarrollo cient\u00edfico de la entidad.<\/p>\n\n\n\n<p>Finalmente, el Pleno del Congreso del Estado aprob\u00f3 el acuerdo que present\u00f3 la Comisi\u00f3n de Asuntos Metropolitanos para exhortar a los Ayuntamientos de los Municipios que integran la Zona Metropolitana del Estado, para que en el \u00e1mbito de su competencia y demarcaciones territoriales, promuevan e implementen acciones, programas y pol\u00edticas p\u00fablicas para impulsar la econom\u00eda circular, priorizando la gesti\u00f3n sostenible de recursos, la atenci\u00f3n al cuidado del agua, el reciclaje de recursos materiales y la regeneraci\u00f3n de residuos.<\/p>\n\n\n\n<p>Los diputados \u00d3scar Mauricio C\u00e9spedes Peregrina, Marcos Castro Mart\u00ednez y Jaime Alejandro Aurioles Barroeta agradecieron a las y los integrantes de las Comisiones por aprobar los puntos de acuerdo que presentaron en su momento.&nbsp;&nbsp;<\/p>\n","protected":false},"excerpt":{"rendered":"<p>El Pleno de la LXII Legislatura del Congreso del Estado aprob\u00f3 el dictamen para reformar y adicionar diversas disposiciones del decreto que crea el Organismo P\u00fablico Descentralizado denominado \u00abUniversidad de la Salud\u00bb, que permite a la instituci\u00f3n educativa la creaci\u00f3n de sedes regionales en la entidad, en especial en zonas rurales. En las modificaciones, se [&hellip;]<\/p>\n","protected":false},"author":4,"featured_media":63617,"comment_status":"open","ping_status":"open","sticky":false,"template":"","format":"standard","meta":{"om_disable_all_campaigns":false,"_monsterinsights_skip_tracking":false,"_monsterinsights_sitenote_active":false,"_monsterinsights_sitenote_note":"","_monsterinsights_sitenote_category":0,"footnotes":""},"categories":[175],"tags":[227,223],"class_list":["post-63616","post","type-post","status-publish","format-standard","has-post-thumbnail","hentry","category-local","tag-congreso","tag-puebla"],"amp_enabled":true,"_links":{"self":[{"href":"https:\/\/lahora.mx\/index.php\/wp-json\/wp\/v2\/posts\/63616","targetHints":{"allow":["GET"]}}],"collection":[{"href":"https:\/\/lahora.mx\/index.php\/wp-json\/wp\/v2\/posts"}],"about":[{"href":"https:\/\/lahora.mx\/index.php\/wp-json\/wp\/v2\/types\/post"}],"author":[{"embeddable":true,"href":"https:\/\/lahora.mx\/index.php\/wp-json\/wp\/v2\/users\/4"}],"replies":[{"embeddable":true,"href":"https:\/\/lahora.mx\/index.php\/wp-json\/wp\/v2\/comments?post=63616"}],"version-history":[{"count":1,"href":"https:\/\/lahora.mx\/index.php\/wp-json\/wp\/v2\/posts\/63616\/revisions"}],"predecessor-version":[{"id":63618,"href":"https:\/\/lahora.mx\/index.php\/wp-json\/wp\/v2\/posts\/63616\/revisions\/63618"}],"wp:featuredmedia":[{"embeddable":true,"href":"https:\/\/lahora.mx\/index.php\/wp-json\/wp\/v2\/media\/63617"}],"wp:attachment":[{"href":"https:\/\/lahora.mx\/index.php\/wp-json\/wp\/v2\/media?parent=63616"}],"wp:term":[{"taxonomy":"category","embeddable":true,"href":"https:\/\/lahora.mx\/index.php\/wp-json\/wp\/v2\/categories?post=63616"},{"taxonomy":"post_tag","embeddable":true,"href":"https:\/\/lahora.mx\/index.php\/wp-json\/wp\/v2\/tags?post=63616"}],"curies":[{"name":"wp","href":"https:\/\/api.w.org\/{rel}","templated":true}]}}