{"id":63613,"date":"2025-05-27T01:36:58","date_gmt":"2025-05-27T01:36:58","guid":{"rendered":"https:\/\/lahora.mx\/?p=63613"},"modified":"2025-06-11T01:38:02","modified_gmt":"2025-06-11T01:38:02","slug":"entregan-en-congreso-reconocimiento-a-embajador-de-rusia-en-mexico","status":"publish","type":"post","link":"https:\/\/lahora.mx\/index.php\/2025\/05\/27\/entregan-en-congreso-reconocimiento-a-embajador-de-rusia-en-mexico\/","title":{"rendered":"Entregan en Congreso reconocimiento a embajador de Rusia en M\u00e9xico\u00a0"},"content":{"rendered":"\n<p>En el Congreso del Estado, el diputado P\u00e1vel Gaspar Ram\u00edrez entreg\u00f3 un reconocimiento al embajador de la Federaci\u00f3n de Rusia en M\u00e9xico, Nikol\u00e1y Sof\u00ednskiy, con el prop\u00f3sito de estrechar lazos entre ambos pa\u00edses y rememorar el D\u00eda de la Victoria.&nbsp;&nbsp;<\/p>\n\n\n\n<p>\u201cHoy nos re\u00fane la conmemoraci\u00f3n del 80 Aniversario del D\u00eda de la Victoria, aquella jornada gloriosa en la que el pueblo sovi\u00e9tico, con un enorme sacrificio y una gran determinaci\u00f3n, logr\u00f3 vencer al ej\u00e9rcito nazi, salvando as\u00ed a la humanidad de una de las amenazas m\u00e1s oscuras de la historia. No solo fue una victoria militar, sino del esp\u00edritu humano, de la resistencia, de la lucha por la dignidad y la libertad\u201d, expres\u00f3.&nbsp;<\/p>\n\n\n\n<p>El diputado se\u00f1al\u00f3 que tanto Rusia como M\u00e9xico son pueblos que han sabido levantarse y resistir, as\u00ed como so\u00f1ar y trabajar por un porvenir m\u00e1s justo y humano en diferentes momentos hist\u00f3ricos.&nbsp;<\/p>\n\n\n\n<p>Por su parte, el embajador de la Federaci\u00f3n de Rusia en M\u00e9xico, Nikol\u00e1y Sof\u00ednskiy agradeci\u00f3 la invitaci\u00f3n al Congreso del Estado y el reconocimiento. En su mensaje, destac\u00f3 la antig\u00fcedad del parlamentarismo, ante el Bicentenario de la Constituci\u00f3n del Estado Libre y Soberano de Puebla.&nbsp;&nbsp;<\/p>\n\n\n\n<p>Durante la entrega del reconocimiento estuvieron presentes las diputadas Mar\u00eda Soledad Amieva Zamora y Ana Laura Altamirano P\u00e9rez, adem\u00e1s, la c\u00f3nsul honoraria de la Federaci\u00f3n en Puebla y Tlaxcala, Mar\u00eda Rosenda Josefina Ram\u00edrez Castilla y la directora de la Casa de Cultura M\u00e9xico-Rusia, Carolina Gaspar Ram\u00edrez.<\/p>\n","protected":false},"excerpt":{"rendered":"<p>En el Congreso del Estado, el diputado P\u00e1vel Gaspar Ram\u00edrez entreg\u00f3 un reconocimiento al embajador de la Federaci\u00f3n de Rusia en M\u00e9xico, Nikol\u00e1y Sof\u00ednskiy, con el prop\u00f3sito de estrechar lazos entre ambos pa\u00edses y rememorar el D\u00eda de la Victoria.&nbsp;&nbsp; \u201cHoy nos re\u00fane la conmemoraci\u00f3n del 80 Aniversario del D\u00eda de la Victoria, aquella jornada [&hellip;]<\/p>\n","protected":false},"author":4,"featured_media":63614,"comment_status":"open","ping_status":"open","sticky":false,"template":"","format":"standard","meta":{"om_disable_all_campaigns":false,"_monsterinsights_skip_tracking":false,"_monsterinsights_sitenote_active":false,"_monsterinsights_sitenote_note":"","_monsterinsights_sitenote_category":0,"footnotes":""},"categories":[175],"tags":[227,223],"class_list":["post-63613","post","type-post","status-publish","format-standard","has-post-thumbnail","hentry","category-local","tag-congreso","tag-puebla"],"amp_enabled":true,"_links":{"self":[{"href":"https:\/\/lahora.mx\/index.php\/wp-json\/wp\/v2\/posts\/63613","targetHints":{"allow":["GET"]}}],"collection":[{"href":"https:\/\/lahora.mx\/index.php\/wp-json\/wp\/v2\/posts"}],"about":[{"href":"https:\/\/lahora.mx\/index.php\/wp-json\/wp\/v2\/types\/post"}],"author":[{"embeddable":true,"href":"https:\/\/lahora.mx\/index.php\/wp-json\/wp\/v2\/users\/4"}],"replies":[{"embeddable":true,"href":"https:\/\/lahora.mx\/index.php\/wp-json\/wp\/v2\/comments?post=63613"}],"version-history":[{"count":1,"href":"https:\/\/lahora.mx\/index.php\/wp-json\/wp\/v2\/posts\/63613\/revisions"}],"predecessor-version":[{"id":63615,"href":"https:\/\/lahora.mx\/index.php\/wp-json\/wp\/v2\/posts\/63613\/revisions\/63615"}],"wp:featuredmedia":[{"embeddable":true,"href":"https:\/\/lahora.mx\/index.php\/wp-json\/wp\/v2\/media\/63614"}],"wp:attachment":[{"href":"https:\/\/lahora.mx\/index.php\/wp-json\/wp\/v2\/media?parent=63613"}],"wp:term":[{"taxonomy":"category","embeddable":true,"href":"https:\/\/lahora.mx\/index.php\/wp-json\/wp\/v2\/categories?post=63613"},{"taxonomy":"post_tag","embeddable":true,"href":"https:\/\/lahora.mx\/index.php\/wp-json\/wp\/v2\/tags?post=63613"}],"curies":[{"name":"wp","href":"https:\/\/api.w.org\/{rel}","templated":true}]}}