{"id":63592,"date":"2025-05-21T01:21:26","date_gmt":"2025-05-21T01:21:26","guid":{"rendered":"https:\/\/lahora.mx\/?p=63592"},"modified":"2025-06-11T01:22:46","modified_gmt":"2025-06-11T01:22:46","slug":"fortalece-comision-del-congreso-trabajo-a-favor-del-desarrollo-economico-de-puebla2","status":"publish","type":"post","link":"https:\/\/lahora.mx\/index.php\/2025\/05\/21\/fortalece-comision-del-congreso-trabajo-a-favor-del-desarrollo-economico-de-puebla2\/","title":{"rendered":"Fortalece Comisi\u00f3n del Congreso trabajo a favor del desarrollo econ\u00f3mico de Puebla2"},"content":{"rendered":"\n<p>Con la finalidad de fortalecer el trabajo coordinado con las diversas instancias de gobierno, tanto estatal como federal, la Comisi\u00f3n de Desarrollo Econ\u00f3mico de la LXII Legislatura del Congreso del Estado recibi\u00f3 al coordinador general del Corredor Econ\u00f3mico del Bienestar del Centro-Golfo de M\u00e9xico, de la Secretar\u00eda de Econom\u00eda Federal, Juan Carlos Natale L\u00f3pez.&nbsp;<\/p>\n\n\n\n<p>Al hacer uso de la palabra, el presidente de la Comisi\u00f3n de Desarrollo Econ\u00f3mico, Rosal\u00edo Zanatta Vidaurri refrend\u00f3 el compromiso para trabajar de manera conjunta, sin importar colores ni ideolog\u00edas, en la construcci\u00f3n del desarrollo y el bienestar de las diversas regiones de la entidad.<\/p>\n\n\n\n<p>Durante la sesi\u00f3n de la Comisi\u00f3n, Juan Carlos Natale explic\u00f3 el nuevo dise\u00f1o institucional y la estrategia econ\u00f3mica para impulsar el desarrollo, la promoci\u00f3n y la inversi\u00f3n para la regi\u00f3n, donde anunci\u00f3 que \u201cen breve se dar\u00e1n a conocer los Polos de Desarrollo Econ\u00f3mico de M\u00e9xico que permitir\u00e1n promover la reorientaci\u00f3n de las cadenas de producci\u00f3n y de suministros para fomentar la proveedur\u00eda local y regional, a trav\u00e9s de la campa\u00f1a Hecho en M\u00e9xico\u201d.<\/p>\n\n\n\n<p>De igual manera, dio a conocer que en breve se implementar\u00e1n los Corredores Econ\u00f3micos del Bienestar que coadyuvar\u00e1n en la promoci\u00f3n de inversiones, generaci\u00f3n de empleos y fortalecimiento de la econom\u00eda.<\/p>\n\n\n\n<p>En sus intervenciones, las diputadas Norma Estela Pimentel M\u00e9ndez, Ana Laura G\u00f3mez Ram\u00edrez y Susana Riestra Pi\u00f1a, as\u00ed como el diputado Oscar Mauricio C\u00e9spedes Peregrina subrayaron la disposici\u00f3n para adecuar y analizar la legislaci\u00f3n con el objetivo de fortalecer el desarrollo econ\u00f3mico de las diferentes regiones del estado.<\/p>\n\n\n\n<p>En esta sesi\u00f3n, tambi\u00e9n se cont\u00f3 con la presencia de la subsecretaria de Industria y Comercio, M\u00f3nica El\u00f3ina Barrientos S\u00e1nchez.&nbsp;<\/p>\n","protected":false},"excerpt":{"rendered":"<p>Con la finalidad de fortalecer el trabajo coordinado con las diversas instancias de gobierno, tanto estatal como federal, la Comisi\u00f3n de Desarrollo Econ\u00f3mico de la LXII Legislatura del Congreso del Estado recibi\u00f3 al coordinador general del Corredor Econ\u00f3mico del Bienestar del Centro-Golfo de M\u00e9xico, de la Secretar\u00eda de Econom\u00eda Federal, Juan Carlos Natale L\u00f3pez.&nbsp; Al [&hellip;]<\/p>\n","protected":false},"author":4,"featured_media":63593,"comment_status":"open","ping_status":"open","sticky":false,"template":"","format":"standard","meta":{"om_disable_all_campaigns":false,"_monsterinsights_skip_tracking":false,"_monsterinsights_sitenote_active":false,"_monsterinsights_sitenote_note":"","_monsterinsights_sitenote_category":0,"footnotes":""},"categories":[175],"tags":[227,223],"class_list":["post-63592","post","type-post","status-publish","format-standard","has-post-thumbnail","hentry","category-local","tag-congreso","tag-puebla"],"amp_enabled":true,"_links":{"self":[{"href":"https:\/\/lahora.mx\/index.php\/wp-json\/wp\/v2\/posts\/63592","targetHints":{"allow":["GET"]}}],"collection":[{"href":"https:\/\/lahora.mx\/index.php\/wp-json\/wp\/v2\/posts"}],"about":[{"href":"https:\/\/lahora.mx\/index.php\/wp-json\/wp\/v2\/types\/post"}],"author":[{"embeddable":true,"href":"https:\/\/lahora.mx\/index.php\/wp-json\/wp\/v2\/users\/4"}],"replies":[{"embeddable":true,"href":"https:\/\/lahora.mx\/index.php\/wp-json\/wp\/v2\/comments?post=63592"}],"version-history":[{"count":1,"href":"https:\/\/lahora.mx\/index.php\/wp-json\/wp\/v2\/posts\/63592\/revisions"}],"predecessor-version":[{"id":63594,"href":"https:\/\/lahora.mx\/index.php\/wp-json\/wp\/v2\/posts\/63592\/revisions\/63594"}],"wp:featuredmedia":[{"embeddable":true,"href":"https:\/\/lahora.mx\/index.php\/wp-json\/wp\/v2\/media\/63593"}],"wp:attachment":[{"href":"https:\/\/lahora.mx\/index.php\/wp-json\/wp\/v2\/media?parent=63592"}],"wp:term":[{"taxonomy":"category","embeddable":true,"href":"https:\/\/lahora.mx\/index.php\/wp-json\/wp\/v2\/categories?post=63592"},{"taxonomy":"post_tag","embeddable":true,"href":"https:\/\/lahora.mx\/index.php\/wp-json\/wp\/v2\/tags?post=63592"}],"curies":[{"name":"wp","href":"https:\/\/api.w.org\/{rel}","templated":true}]}}