{"id":63580,"date":"2025-05-14T01:12:17","date_gmt":"2025-05-14T01:12:17","guid":{"rendered":"https:\/\/lahora.mx\/?p=63580"},"modified":"2025-06-11T01:13:22","modified_gmt":"2025-06-11T01:13:22","slug":"instala-congreso-grupo-para-la-igualdad-laboral-y-no-discriminacion","status":"publish","type":"post","link":"https:\/\/lahora.mx\/index.php\/2025\/05\/14\/instala-congreso-grupo-para-la-igualdad-laboral-y-no-discriminacion\/","title":{"rendered":"Instala Congreso Grupo para la Igualdad Laboral y No Discriminaci\u00f3n\u00a0"},"content":{"rendered":"\n<p>En el Congreso del Estado se instal\u00f3 el Grupo para la Igualdad Laboral y No Discriminaci\u00f3n, mediante el cual se pretende dar seguimiento a las acciones encaminadas a promover la equidad y un entorno de bienestar para las y los trabajadores.&nbsp;<\/p>\n\n\n\n<p>La diputada presidenta de la Junta de Gobierno y Coordinaci\u00f3n Pol\u00edtica del Congreso del Estado, Laura Artemisa Garc\u00eda Ch\u00e1vez destac\u00f3 la importancia de garantizar que en este centro de trabajo haya respeto y se cuiden los derechos de todas las personas.&nbsp;&nbsp;<\/p>\n\n\n\n<p>Expuso que el Grupo de Igualdad Laboral y no Discriminaci\u00f3n ser\u00e1 un espacio seguro y una responsabilidad para el cumplimiento de las Normas Mexicanas 025 y 035.&nbsp;<\/p>\n\n\n\n<p>Por su parte, la titular de la Unidad para la Igualdad de G\u00e9nero del Congreso, Daniela Mier Ba\u00f1uelos dio la bienvenida a las personas de nuevo ingreso, present\u00f3 los avances de los trabajos y las pr\u00f3ximas actividades de la Unidad.&nbsp;<\/p>\n\n\n\n<p>El Grupo para la Igualdad Laboral y No Discriminaci\u00f3n est\u00e1 integrado por un miembro de cada \u00e1rea, que funge como representante de las diferentes unidades.<\/p>\n","protected":false},"excerpt":{"rendered":"<p>En el Congreso del Estado se instal\u00f3 el Grupo para la Igualdad Laboral y No Discriminaci\u00f3n, mediante el cual se pretende dar seguimiento a las acciones encaminadas a promover la equidad y un entorno de bienestar para las y los trabajadores.&nbsp; La diputada presidenta de la Junta de Gobierno y Coordinaci\u00f3n Pol\u00edtica del Congreso del [&hellip;]<\/p>\n","protected":false},"author":4,"featured_media":63581,"comment_status":"open","ping_status":"open","sticky":false,"template":"","format":"standard","meta":{"om_disable_all_campaigns":false,"_monsterinsights_skip_tracking":false,"_monsterinsights_sitenote_active":false,"_monsterinsights_sitenote_note":"","_monsterinsights_sitenote_category":0,"footnotes":""},"categories":[175],"tags":[227,223],"class_list":["post-63580","post","type-post","status-publish","format-standard","has-post-thumbnail","hentry","category-local","tag-congreso","tag-puebla"],"amp_enabled":true,"_links":{"self":[{"href":"https:\/\/lahora.mx\/index.php\/wp-json\/wp\/v2\/posts\/63580","targetHints":{"allow":["GET"]}}],"collection":[{"href":"https:\/\/lahora.mx\/index.php\/wp-json\/wp\/v2\/posts"}],"about":[{"href":"https:\/\/lahora.mx\/index.php\/wp-json\/wp\/v2\/types\/post"}],"author":[{"embeddable":true,"href":"https:\/\/lahora.mx\/index.php\/wp-json\/wp\/v2\/users\/4"}],"replies":[{"embeddable":true,"href":"https:\/\/lahora.mx\/index.php\/wp-json\/wp\/v2\/comments?post=63580"}],"version-history":[{"count":1,"href":"https:\/\/lahora.mx\/index.php\/wp-json\/wp\/v2\/posts\/63580\/revisions"}],"predecessor-version":[{"id":63582,"href":"https:\/\/lahora.mx\/index.php\/wp-json\/wp\/v2\/posts\/63580\/revisions\/63582"}],"wp:featuredmedia":[{"embeddable":true,"href":"https:\/\/lahora.mx\/index.php\/wp-json\/wp\/v2\/media\/63581"}],"wp:attachment":[{"href":"https:\/\/lahora.mx\/index.php\/wp-json\/wp\/v2\/media?parent=63580"}],"wp:term":[{"taxonomy":"category","embeddable":true,"href":"https:\/\/lahora.mx\/index.php\/wp-json\/wp\/v2\/categories?post=63580"},{"taxonomy":"post_tag","embeddable":true,"href":"https:\/\/lahora.mx\/index.php\/wp-json\/wp\/v2\/tags?post=63580"}],"curies":[{"name":"wp","href":"https:\/\/api.w.org\/{rel}","templated":true}]}}