{"id":63574,"date":"2025-05-11T01:08:02","date_gmt":"2025-05-11T01:08:02","guid":{"rendered":"https:\/\/lahora.mx\/?p=63574"},"modified":"2025-06-11T01:09:28","modified_gmt":"2025-06-11T01:09:28","slug":"congreso-del-estado-fue-sede-del-2o-festival-internacional-viva-la-danza","status":"publish","type":"post","link":"https:\/\/lahora.mx\/index.php\/2025\/05\/11\/congreso-del-estado-fue-sede-del-2o-festival-internacional-viva-la-danza\/","title":{"rendered":"Congreso del Estado fue sede del 2\u00ba Festival Internacional Viva la Danza"},"content":{"rendered":"\n<p>Con el prop\u00f3sito de reconocer la cultura, las tradiciones y la danza de los pa\u00edses latinoamericanos, el Congreso del Estado fue sede del 2\u00ba Festival Internacional Viva la Danza, donde participaron grupos representativos de Bolivia, Colombia, Ecuador, Guatemala y M\u00e9xico.<\/p>\n\n\n\n<p>Durante este evento el diputado P\u00e1vel Gaspar Ram\u00edrez consider\u00f3 que la cultura a trav\u00e9s de la danza es un puente que conecta a la humanidad, ya que no solo nos llena de alegr\u00eda, sino de identidad a los pueblos de Am\u00e9rica.<\/p>\n\n\n\n<p>\u201cPorque estas expresiones culturales son la verdadera Am\u00e9rica, la de su tierra, la de su gente y la de su identidad como pueblos hermanos\u201d, afirm\u00f3.<\/p>\n\n\n\n<p>Asimismo, en nombre de los grupos participantes, la representante de Bolivia, Ivanoska Ch\u00e1vez N\u00fa\u00f1ez destac\u00f3 que con este tipo de festivales se fortalecen el intercambio cultural y el orgullo de ser latinoamericanos, gracias a sus tradiciones, su cultura y su diversidad.<\/p>\n\n\n\n<p>En esta fiesta de pueblos hermanos, la LXII Legislatura del Congreso del Estado entreg\u00f3 reconocimientos a los representantes de los grupos folkl\u00f3ricos participantes de Colombia, a la Fundaci\u00f3n Art\u00edstica y Cultural Hyntiba; de Bolivia, al Ballet Folkl\u00f3rico Sendas Bolivianas; de Panam\u00e1, al Ballet Folkl\u00f3rico Danzas Hoy; de Ecuador, a la Agrupaci\u00f3n Art\u00edstica Huitaca, y de Guatemala, a la agrupaci\u00f3n de Danza Folkl\u00f3rico Kawoq.<\/p>\n\n\n\n<p>El evento concluy\u00f3 con una muestra de bailes y danzas de los pa\u00edses participantes, la cual se llev\u00f3 a cabo en la explanada que se encuentra frente al Sal\u00f3n de Protocolos de la sede del Poder Legislativo.<\/p>\n\n\n\n<p>En esta entrega de reconocimientos tambi\u00e9n se cont\u00f3 con la participaci\u00f3n del Presidente de Mundo Migrante, Lino Le\u00f3n; el representante de Mundos Unidos por la Cultura, Antonino Serrano y el director de Grupo Folkl\u00f3rico de M\u00e9xico, Bonifacio Aguirre Parra.<\/p>\n","protected":false},"excerpt":{"rendered":"<p>Con el prop\u00f3sito de reconocer la cultura, las tradiciones y la danza de los pa\u00edses latinoamericanos, el Congreso del Estado fue sede del 2\u00ba Festival Internacional Viva la Danza, donde participaron grupos representativos de Bolivia, Colombia, Ecuador, Guatemala y M\u00e9xico. Durante este evento el diputado P\u00e1vel Gaspar Ram\u00edrez consider\u00f3 que la cultura a trav\u00e9s de [&hellip;]<\/p>\n","protected":false},"author":4,"featured_media":63575,"comment_status":"open","ping_status":"open","sticky":false,"template":"","format":"standard","meta":{"om_disable_all_campaigns":false,"_monsterinsights_skip_tracking":false,"_monsterinsights_sitenote_active":false,"_monsterinsights_sitenote_note":"","_monsterinsights_sitenote_category":0,"footnotes":""},"categories":[175],"tags":[223],"class_list":["post-63574","post","type-post","status-publish","format-standard","has-post-thumbnail","hentry","category-local","tag-puebla"],"amp_enabled":true,"_links":{"self":[{"href":"https:\/\/lahora.mx\/index.php\/wp-json\/wp\/v2\/posts\/63574","targetHints":{"allow":["GET"]}}],"collection":[{"href":"https:\/\/lahora.mx\/index.php\/wp-json\/wp\/v2\/posts"}],"about":[{"href":"https:\/\/lahora.mx\/index.php\/wp-json\/wp\/v2\/types\/post"}],"author":[{"embeddable":true,"href":"https:\/\/lahora.mx\/index.php\/wp-json\/wp\/v2\/users\/4"}],"replies":[{"embeddable":true,"href":"https:\/\/lahora.mx\/index.php\/wp-json\/wp\/v2\/comments?post=63574"}],"version-history":[{"count":1,"href":"https:\/\/lahora.mx\/index.php\/wp-json\/wp\/v2\/posts\/63574\/revisions"}],"predecessor-version":[{"id":63576,"href":"https:\/\/lahora.mx\/index.php\/wp-json\/wp\/v2\/posts\/63574\/revisions\/63576"}],"wp:featuredmedia":[{"embeddable":true,"href":"https:\/\/lahora.mx\/index.php\/wp-json\/wp\/v2\/media\/63575"}],"wp:attachment":[{"href":"https:\/\/lahora.mx\/index.php\/wp-json\/wp\/v2\/media?parent=63574"}],"wp:term":[{"taxonomy":"category","embeddable":true,"href":"https:\/\/lahora.mx\/index.php\/wp-json\/wp\/v2\/categories?post=63574"},{"taxonomy":"post_tag","embeddable":true,"href":"https:\/\/lahora.mx\/index.php\/wp-json\/wp\/v2\/tags?post=63574"}],"curies":[{"name":"wp","href":"https:\/\/api.w.org\/{rel}","templated":true}]}}