{"id":63561,"date":"2025-06-11T00:39:13","date_gmt":"2025-06-11T00:39:13","guid":{"rendered":"https:\/\/lahora.mx\/?p=63561"},"modified":"2025-06-11T00:39:14","modified_gmt":"2025-06-11T00:39:14","slug":"estos-artistas-vendran-a-la-feria-de-cuautlancingo-2025","status":"publish","type":"post","link":"https:\/\/lahora.mx\/index.php\/2025\/06\/11\/estos-artistas-vendran-a-la-feria-de-cuautlancingo-2025\/","title":{"rendered":"Estos artistas vendr\u00e1n a la Feria de Cuautlancingo 2025"},"content":{"rendered":"\n<p>El presidente municipal de Cuautlancingo, Omar Mu\u00f1oz Alfaro, anunci\u00f3 que, la Feria de Cuautlancingo 2025 se llevar\u00e1 a cabo del 20 al 30 de junio, donde se espera una afluencia aproximada de 50 mil personas y una derrama econ\u00f3mica estimada en 11 millones de pesos.<\/p>\n\n\n\n<p>El programa art\u00edstico contempla la participaci\u00f3n de artistas nacionales y locales, por lo que las presentaciones comenzar\u00e1n el 20 de junio y ser\u00e1n abiertas diariamente por talentos de la entidad.<\/p>\n\n\n\n<p>Cabe mencionar que, el 21, se presentar\u00e1 Bellakath; el 22, La Arrolladora; el 23, Sonido Famoso; el 24, Los \u00c1ngeles de Charly; el 25, Grupo Niche; el 26, Los Telez; el 27, El Bogueto; el 28, La Explosiva Sonora Dinamita; el 29, Grupo Pesado; y el 30 de junio cerrar\u00e1 la feria con la presentaci\u00f3n de un artista sorpresa.<\/p>\n\n\n\n<p>El edil inform\u00f3 que, en los pr\u00f3ximos d\u00edas, se anunciar\u00e1n los eventos que requerir\u00e1n boleto de entrada, as\u00ed como el costo correspondiente.<\/p>\n\n\n\n<p>Asimismo, puntualiz\u00f3 que, se implementar\u00e1n operativos de seguridad en coordinaci\u00f3n con la Secretar\u00eda de Seguridad Ciudadana y Protecci\u00f3n Civil (SSCyPC), a fin de resguardar la integridad de las y los asistentes durante el desarrollo de las actividades.<\/p>\n","protected":false},"excerpt":{"rendered":"<p>El presidente municipal de Cuautlancingo, Omar Mu\u00f1oz Alfaro, anunci\u00f3 que, la Feria de Cuautlancingo 2025 se llevar\u00e1 a cabo del 20 al 30 de junio, donde se espera una afluencia aproximada de 50 mil personas y una derrama econ\u00f3mica estimada en 11 millones de pesos. El programa art\u00edstico contempla la participaci\u00f3n de artistas nacionales y [&hellip;]<\/p>\n","protected":false},"author":4,"featured_media":63563,"comment_status":"open","ping_status":"open","sticky":false,"template":"","format":"standard","meta":{"om_disable_all_campaigns":false,"_monsterinsights_skip_tracking":false,"_monsterinsights_sitenote_active":false,"_monsterinsights_sitenote_note":"","_monsterinsights_sitenote_category":0,"footnotes":""},"categories":[175],"tags":[234,223],"class_list":["post-63561","post","type-post","status-publish","format-standard","has-post-thumbnail","hentry","category-local","tag-cholula","tag-puebla"],"amp_enabled":true,"_links":{"self":[{"href":"https:\/\/lahora.mx\/index.php\/wp-json\/wp\/v2\/posts\/63561","targetHints":{"allow":["GET"]}}],"collection":[{"href":"https:\/\/lahora.mx\/index.php\/wp-json\/wp\/v2\/posts"}],"about":[{"href":"https:\/\/lahora.mx\/index.php\/wp-json\/wp\/v2\/types\/post"}],"author":[{"embeddable":true,"href":"https:\/\/lahora.mx\/index.php\/wp-json\/wp\/v2\/users\/4"}],"replies":[{"embeddable":true,"href":"https:\/\/lahora.mx\/index.php\/wp-json\/wp\/v2\/comments?post=63561"}],"version-history":[{"count":1,"href":"https:\/\/lahora.mx\/index.php\/wp-json\/wp\/v2\/posts\/63561\/revisions"}],"predecessor-version":[{"id":63564,"href":"https:\/\/lahora.mx\/index.php\/wp-json\/wp\/v2\/posts\/63561\/revisions\/63564"}],"wp:featuredmedia":[{"embeddable":true,"href":"https:\/\/lahora.mx\/index.php\/wp-json\/wp\/v2\/media\/63563"}],"wp:attachment":[{"href":"https:\/\/lahora.mx\/index.php\/wp-json\/wp\/v2\/media?parent=63561"}],"wp:term":[{"taxonomy":"category","embeddable":true,"href":"https:\/\/lahora.mx\/index.php\/wp-json\/wp\/v2\/categories?post=63561"},{"taxonomy":"post_tag","embeddable":true,"href":"https:\/\/lahora.mx\/index.php\/wp-json\/wp\/v2\/tags?post=63561"}],"curies":[{"name":"wp","href":"https:\/\/api.w.org\/{rel}","templated":true}]}}