{"id":63555,"date":"2025-06-11T00:21:02","date_gmt":"2025-06-11T00:21:02","guid":{"rendered":"https:\/\/lahora.mx\/?p=63555"},"modified":"2025-06-11T00:21:03","modified_gmt":"2025-06-11T00:21:03","slug":"bomberos-de-texmelucan-reciben-tanques-de-respiracion-autonoma","status":"publish","type":"post","link":"https:\/\/lahora.mx\/index.php\/2025\/06\/11\/bomberos-de-texmelucan-reciben-tanques-de-respiracion-autonoma\/","title":{"rendered":"Bomberos de Texmelucan reciben tanques de respiraci\u00f3n aut\u00f3noma"},"content":{"rendered":"\n<p>Los bomberos de San Mart\u00edn Texmelucan recibieron este martes un importante apoyo en su labor al recibir seis nuevos tanques de respiraci\u00f3n aut\u00f3noma. La entrega se realiz\u00f3 entre el gobierno municipal y empresarios locales, quienes aportaron recursos para mejorar el equipo de los elementos encargados de la seguridad y protecci\u00f3n en la regi\u00f3n.<\/p>\n\n\n\n<p>Carlos Salas, Secretario de Gobernaci\u00f3n en San Mart\u00edn Texmelucan, estuvo presente en la estaci\u00f3n de Bomberos, ubicada en la carretera federal M\u00e9xico-Puebla, a la altura del kil\u00f3metro 71.5, para realizar la entrega oficial de los equipos.<\/p>\n\n\n\n<p>En su mensaje, Salas destac\u00f3 la importancia de estos tanques para la seguridad de los bomberos, quienes enfrentan situaciones de alto riesgo en su d\u00eda a d\u00eda.<\/p>\n\n\n\n<p>\u00abEstos equipos salvan y protegen la vida de quienes nos protegen. Este apoyo y este equipo son producto del trabajo conjunto entre el ayuntamiento, el gobierno y empresarios que no dudaron en apoyar a nuestros bomberos\u00bb, expres\u00f3 el funcionario.<\/p>\n\n\n\n<p>Por su parte, el comandante de Bomberos de Texmelucan, Eduardo Guzm\u00e1n, agradeci\u00f3 el respaldo recibido y destac\u00f3 la relevancia de los nuevos equipos.<\/p>\n\n\n\n<p>\u00abLa importancia de estos equipos para todos mis compa\u00f1eros es incalculable. De verdad, muchas gracias\u00bb, dijo al tiempo que resalt\u00f3 el convenio con la empresa Igasamex, responsable de la adquisici\u00f3n de los tanques.<\/p>\n\n\n\n<p>El comandante se\u00f1al\u00f3 que, aunque ya contaban con algunos equipos de este tipo, eran insuficientes. Con la entrega de los seis nuevos tanques, cada uno de los bomberos tendr\u00e1 su propio equipo de respiraci\u00f3n aut\u00f3noma, lo que optimiza su capacidad de respuesta en situaciones de emergencia.<\/p>\n\n\n\n<p>Los bomberos de Texmelucan no solo atienden emergencias dentro del municipio, sino que tambi\u00e9n brindan apoyo a las demarcaciones aleda\u00f1as como San Salvador El Verde, Tlalancaleca y Tlahuapan, lo que subraya la importancia de contar con equipo adecuado para enfrentar situaciones cr\u00edticas.<\/p>\n\n\n\n<p>Cabe mencionar que este apoyo se suma a los esfuerzos del Gobierno Municipal de San Mart\u00edn Texmelucan, encabezado en 2022 por Norma Lay\u00f3n, quien entreg\u00f3 30 chaquetones y pantalones a los bomberos.<\/p>\n","protected":false},"excerpt":{"rendered":"<p>Los bomberos de San Mart\u00edn Texmelucan recibieron este martes un importante apoyo en su labor al recibir seis nuevos tanques de respiraci\u00f3n aut\u00f3noma. La entrega se realiz\u00f3 entre el gobierno municipal y empresarios locales, quienes aportaron recursos para mejorar el equipo de los elementos encargados de la seguridad y protecci\u00f3n en la regi\u00f3n. Carlos Salas, [&hellip;]<\/p>\n","protected":false},"author":4,"featured_media":63556,"comment_status":"open","ping_status":"open","sticky":false,"template":"","format":"standard","meta":{"om_disable_all_campaigns":false,"_monsterinsights_skip_tracking":false,"_monsterinsights_sitenote_active":false,"_monsterinsights_sitenote_note":"","_monsterinsights_sitenote_category":0,"footnotes":""},"categories":[175],"tags":[223],"class_list":["post-63555","post","type-post","status-publish","format-standard","has-post-thumbnail","hentry","category-local","tag-puebla"],"amp_enabled":true,"_links":{"self":[{"href":"https:\/\/lahora.mx\/index.php\/wp-json\/wp\/v2\/posts\/63555","targetHints":{"allow":["GET"]}}],"collection":[{"href":"https:\/\/lahora.mx\/index.php\/wp-json\/wp\/v2\/posts"}],"about":[{"href":"https:\/\/lahora.mx\/index.php\/wp-json\/wp\/v2\/types\/post"}],"author":[{"embeddable":true,"href":"https:\/\/lahora.mx\/index.php\/wp-json\/wp\/v2\/users\/4"}],"replies":[{"embeddable":true,"href":"https:\/\/lahora.mx\/index.php\/wp-json\/wp\/v2\/comments?post=63555"}],"version-history":[{"count":1,"href":"https:\/\/lahora.mx\/index.php\/wp-json\/wp\/v2\/posts\/63555\/revisions"}],"predecessor-version":[{"id":63557,"href":"https:\/\/lahora.mx\/index.php\/wp-json\/wp\/v2\/posts\/63555\/revisions\/63557"}],"wp:featuredmedia":[{"embeddable":true,"href":"https:\/\/lahora.mx\/index.php\/wp-json\/wp\/v2\/media\/63556"}],"wp:attachment":[{"href":"https:\/\/lahora.mx\/index.php\/wp-json\/wp\/v2\/media?parent=63555"}],"wp:term":[{"taxonomy":"category","embeddable":true,"href":"https:\/\/lahora.mx\/index.php\/wp-json\/wp\/v2\/categories?post=63555"},{"taxonomy":"post_tag","embeddable":true,"href":"https:\/\/lahora.mx\/index.php\/wp-json\/wp\/v2\/tags?post=63555"}],"curies":[{"name":"wp","href":"https:\/\/api.w.org\/{rel}","templated":true}]}}