{"id":63552,"date":"2025-06-11T00:19:36","date_gmt":"2025-06-11T00:19:36","guid":{"rendered":"https:\/\/lahora.mx\/?p=63552"},"modified":"2025-06-11T00:19:37","modified_gmt":"2025-06-11T00:19:37","slug":"vinculan-a-proceso-a-exedil-de-tlacuilotepec-pero-sigue-libre","status":"publish","type":"post","link":"https:\/\/lahora.mx\/index.php\/2025\/06\/11\/vinculan-a-proceso-a-exedil-de-tlacuilotepec-pero-sigue-libre\/","title":{"rendered":"Vinculan a proceso a exedil de Tlacuilotepec, pero sigue libre"},"content":{"rendered":"\n<p>El exalcalde de Tlacuilotepec, Osvaldo Guzm\u00e1n N, fue vinculado a proceso por violencia familiar en agravio de su exesposa, la maestra Maricarmen Paredes, quien ha denunciado vivir bajo amenazas constantes por parte de \u00e9l y del actual presidente municipal, Alejandro Guzm\u00e1n Garc\u00eda, padre del imputado.<\/p>\n\n\n\n<p>La resoluci\u00f3n fue emitida el 10 de junio por el Juez de Control en Huauchinango, quien reconoci\u00f3 la gravedad de los hechos, pero permiti\u00f3 que el exalcalde permaneciera en libertad, imponi\u00e9ndole como medida cautelar la obligaci\u00f3n de firmar cada 15 d\u00edas en el Cereso del municipio.<\/p>\n\n\n\n<p>El caso fue asentado en la carpeta judicial CJA:20\/2025\/Huauchinango y responde a la denuncia presentada ante la Fiscal\u00eda General del Estado (FGE), bajo el n\u00famero FGEP\/CDE\/FEIDVGGCM\/XICO-I\/001493\/2025.<\/p>\n\n\n\n<p>La v\u00edctima pidi\u00f3 ayuda directa al gobernador<\/p>\n\n\n\n<p>Desde abril, durante un evento con el gobernador Alejandro Armenta Mier en Xicotepec, Maricarmen Paredes rompi\u00f3 el silencio p\u00fablico y le pidi\u00f3 directamente su intervenci\u00f3n. \u201cLe estoy pidiendo ayuda, a\u00fan viva\u201d, declar\u00f3 la maestra<\/p>\n\n\n\n<p>En un primer acercamiento, Armenta sugiri\u00f3 a la maestra acercarse a la Casa Carmen Serd\u00e1n en Huauchinango, para recibir atenci\u00f3n, y posteriormente, escuch\u00f3 su testimonio,<\/p>\n\n\n\n<p>Armenta afirm\u00f3 que el caso es prioridad, pero la v\u00edctima se\u00f1al\u00f3 en redes sociales que no ha recibido protecci\u00f3n efectiva, a pesar de que el gobernador prometi\u00f3 apoyo de la SEP para dejar su puesto en la escuela en Tlacuilotepec y poder mudarse a un sitio seguro en la capital.<\/p>\n\n\n\n<p>Familiares del agresor intentaron intimidarla<\/p>\n\n\n\n<p>Durante la audiencia, los familiares de Osvaldo, incluyendo el actual edil de Tlacuilotepec y la presidenta del DIF municipal, Socorro \u201cN\u201d, su madre, acudieron al juzgado presuntamente para amedrentar a Maricarmen y a su abogado.<\/p>\n\n\n\n<p>Ante el caso, el colectivo Vivas Nos Queremos Xicotepec exigi\u00f3 a las autoridades garant\u00edas para salvaguardar la vida de Maricarmen mediante un comunicado difundido en redes, donde se\u00f1alaron que los funcionarios de Tlacuilotepec act\u00faan con impunidad, y advirtieron que no se debe permitir que este caso se convierta en \u201cotro feminicidio anunciado\u201d.<\/p>\n\n\n\n<p>\u201cMaricarmen ya denunci\u00f3. Est\u00e1 viva, pero en peligro. No queremos otra mujer valiente abandonada por el Estado\u201d, afirmaron.<\/p>\n","protected":false},"excerpt":{"rendered":"<p>El exalcalde de Tlacuilotepec, Osvaldo Guzm\u00e1n N, fue vinculado a proceso por violencia familiar en agravio de su exesposa, la maestra Maricarmen Paredes, quien ha denunciado vivir bajo amenazas constantes por parte de \u00e9l y del actual presidente municipal, Alejandro Guzm\u00e1n Garc\u00eda, padre del imputado. La resoluci\u00f3n fue emitida el 10 de junio por el [&hellip;]<\/p>\n","protected":false},"author":4,"featured_media":63553,"comment_status":"open","ping_status":"open","sticky":false,"template":"","format":"standard","meta":{"om_disable_all_campaigns":false,"_monsterinsights_skip_tracking":false,"_monsterinsights_sitenote_active":false,"_monsterinsights_sitenote_note":"","_monsterinsights_sitenote_category":0,"footnotes":""},"categories":[175,226],"tags":[223],"class_list":["post-63552","post","type-post","status-publish","format-standard","has-post-thumbnail","hentry","category-local","category-policia","tag-puebla"],"amp_enabled":true,"_links":{"self":[{"href":"https:\/\/lahora.mx\/index.php\/wp-json\/wp\/v2\/posts\/63552","targetHints":{"allow":["GET"]}}],"collection":[{"href":"https:\/\/lahora.mx\/index.php\/wp-json\/wp\/v2\/posts"}],"about":[{"href":"https:\/\/lahora.mx\/index.php\/wp-json\/wp\/v2\/types\/post"}],"author":[{"embeddable":true,"href":"https:\/\/lahora.mx\/index.php\/wp-json\/wp\/v2\/users\/4"}],"replies":[{"embeddable":true,"href":"https:\/\/lahora.mx\/index.php\/wp-json\/wp\/v2\/comments?post=63552"}],"version-history":[{"count":1,"href":"https:\/\/lahora.mx\/index.php\/wp-json\/wp\/v2\/posts\/63552\/revisions"}],"predecessor-version":[{"id":63554,"href":"https:\/\/lahora.mx\/index.php\/wp-json\/wp\/v2\/posts\/63552\/revisions\/63554"}],"wp:featuredmedia":[{"embeddable":true,"href":"https:\/\/lahora.mx\/index.php\/wp-json\/wp\/v2\/media\/63553"}],"wp:attachment":[{"href":"https:\/\/lahora.mx\/index.php\/wp-json\/wp\/v2\/media?parent=63552"}],"wp:term":[{"taxonomy":"category","embeddable":true,"href":"https:\/\/lahora.mx\/index.php\/wp-json\/wp\/v2\/categories?post=63552"},{"taxonomy":"post_tag","embeddable":true,"href":"https:\/\/lahora.mx\/index.php\/wp-json\/wp\/v2\/tags?post=63552"}],"curies":[{"name":"wp","href":"https:\/\/api.w.org\/{rel}","templated":true}]}}