{"id":63545,"date":"2025-06-11T00:14:57","date_gmt":"2025-06-11T00:14:57","guid":{"rendered":"https:\/\/lahora.mx\/?p=63545"},"modified":"2025-06-11T00:14:57","modified_gmt":"2025-06-11T00:14:57","slug":"xoxtla-rechaza-propuesta-de-agua-de-puebla-para-realizar-obra-hidraulica","status":"publish","type":"post","link":"https:\/\/lahora.mx\/index.php\/2025\/06\/11\/xoxtla-rechaza-propuesta-de-agua-de-puebla-para-realizar-obra-hidraulica\/","title":{"rendered":"Xoxtla rechaza propuesta de Agua de Puebla para realizar obra hidr\u00e1ulica"},"content":{"rendered":"\n<p>\u00abNi una gota de agua\u00bb, sostuvo Pascual Berm\u00fadez Chantes, defensor del agua en San Miguel Xoxtla, al rechazar la propuesta de que Agua de Puebla invierta 20 millones de pesos en obra hidr\u00e1ulica en el municipio a cambio del l\u00edquido para la capital.<\/p>\n\n\n\n<p>En entrevista , Berm\u00fadez Chantes se\u00f1al\u00f3 que existe el rumor de que el agua no se extraer\u00eda ya del pozo 4, sino del pozo 5.<\/p>\n\n\n\n<p>No obstante, dijo que ese pozo fue clausurado simb\u00f3licamente desde hace a\u00f1os, por lo que estar\u00e1n atentos a que no se le d\u00e9 uso ni se le extraiga agua.<\/p>\n\n\n\n<p>\u00abNi una gota para Puebla, lo que es del pueblo que se quede para el pueblo. Ahorita lo que hemos escuchado es que ya no ir\u00e1n por el pozo 4, sino por el 5\u00bb, expres\u00f3.<\/p>\n\n\n\n<p>Por el momento, los pobladores mantendr\u00e1n su postura de cancelar la extracci\u00f3n de agua para otros municipios, adem\u00e1s de exigir a las dos administraciones m\u00e1s recientes que transparenten qu\u00e9 se ha hecho con los recursos h\u00eddricos.<\/p>\n\n\n\n<p>\u00abNosotros seguimos en la misma propuesta, de que se cancelen todas las concesiones que dotan de agua a otros municipios y no la vamos a cambiar\u00bb, detall\u00f3.<\/p>\n\n\n\n<p>La empresa Agua de Puebla propuso a los habitantes de Xoxtla rehabilitar la red de agua potable del municipio con una inversi\u00f3n de 20 millones de pesos a cambio de que se les permita abastecer a la capital del estado.<\/p>\n\n\n\n<p>As\u00ed lo revel\u00f3 Jordi Bosh Bragado, director de la empresa, quien este lunes se\u00f1al\u00f3 que Agua de Puebla busca establecer un convenio con los pobladores de dicho municipio.<\/p>\n","protected":false},"excerpt":{"rendered":"<p>\u00abNi una gota de agua\u00bb, sostuvo Pascual Berm\u00fadez Chantes, defensor del agua en San Miguel Xoxtla, al rechazar la propuesta de que Agua de Puebla invierta 20 millones de pesos en obra hidr\u00e1ulica en el municipio a cambio del l\u00edquido para la capital. En entrevista , Berm\u00fadez Chantes se\u00f1al\u00f3 que existe el rumor de que [&hellip;]<\/p>\n","protected":false},"author":4,"featured_media":63546,"comment_status":"open","ping_status":"open","sticky":false,"template":"","format":"standard","meta":{"om_disable_all_campaigns":false,"_monsterinsights_skip_tracking":false,"_monsterinsights_sitenote_active":false,"_monsterinsights_sitenote_note":"","_monsterinsights_sitenote_category":0,"footnotes":""},"categories":[175],"tags":[195,223],"class_list":["post-63545","post","type-post","status-publish","format-standard","has-post-thumbnail","hentry","category-local","tag-principal","tag-puebla"],"amp_enabled":true,"_links":{"self":[{"href":"https:\/\/lahora.mx\/index.php\/wp-json\/wp\/v2\/posts\/63545","targetHints":{"allow":["GET"]}}],"collection":[{"href":"https:\/\/lahora.mx\/index.php\/wp-json\/wp\/v2\/posts"}],"about":[{"href":"https:\/\/lahora.mx\/index.php\/wp-json\/wp\/v2\/types\/post"}],"author":[{"embeddable":true,"href":"https:\/\/lahora.mx\/index.php\/wp-json\/wp\/v2\/users\/4"}],"replies":[{"embeddable":true,"href":"https:\/\/lahora.mx\/index.php\/wp-json\/wp\/v2\/comments?post=63545"}],"version-history":[{"count":1,"href":"https:\/\/lahora.mx\/index.php\/wp-json\/wp\/v2\/posts\/63545\/revisions"}],"predecessor-version":[{"id":63547,"href":"https:\/\/lahora.mx\/index.php\/wp-json\/wp\/v2\/posts\/63545\/revisions\/63547"}],"wp:featuredmedia":[{"embeddable":true,"href":"https:\/\/lahora.mx\/index.php\/wp-json\/wp\/v2\/media\/63546"}],"wp:attachment":[{"href":"https:\/\/lahora.mx\/index.php\/wp-json\/wp\/v2\/media?parent=63545"}],"wp:term":[{"taxonomy":"category","embeddable":true,"href":"https:\/\/lahora.mx\/index.php\/wp-json\/wp\/v2\/categories?post=63545"},{"taxonomy":"post_tag","embeddable":true,"href":"https:\/\/lahora.mx\/index.php\/wp-json\/wp\/v2\/tags?post=63545"}],"curies":[{"name":"wp","href":"https:\/\/api.w.org\/{rel}","templated":true}]}}