{"id":63536,"date":"2025-06-10T18:56:23","date_gmt":"2025-06-10T18:56:23","guid":{"rendered":"https:\/\/lahora.mx\/?p=63536"},"modified":"2025-06-10T18:56:23","modified_gmt":"2025-06-10T18:56:23","slug":"cae-el-cuco-por-homicidio-del-candidato-a-presidente-de-zacachimalpa","status":"publish","type":"post","link":"https:\/\/lahora.mx\/index.php\/2025\/06\/10\/cae-el-cuco-por-homicidio-del-candidato-a-presidente-de-zacachimalpa\/","title":{"rendered":"Cae El Cuco por homicidio del candidato a presidente de Zacachimalpa"},"content":{"rendered":"\n<p>Por su probable responsabilidad en el asesinato del candidato a presidente de la junta auxiliar de San Pedro Zacachimalpa, Juan Manuel N., Edgar Esteban, &#8216;El Cuco&#8217;, fue arrestado en el municipio de San Andr\u00e9s Cholula; el sujeto es el segundo detenido por el homicidio.<\/p>\n\n\n\n<p>El detenido fue identificado como como objetivo por los delitos de homicidio calificado y tentativa de asesinato en la junta auxiliar de la ciudad de Puebla.<\/p>\n\n\n\n<p>\u00abA trav\u00e9s del seguimiento puntual de la investigaci\u00f3n, se logr\u00f3 establecer la identidad de Edgar Esteban N., como uno de los probables responsables, por lo que, tras reunir los elementos de prueba necesarios, se solicit\u00f3 y obtuvo la orden de aprehensi\u00f3n correspondiente\u00bb, indic\u00f3 la Fiscal\u00eda General del Estado (FGE) de Puebla.<\/p>\n\n\n\n<p>Despu\u00e9s de su arresto, &#8216;El Cuco&#8217;, fue puesto a disposici\u00f3n de un Juez de Control, quien le dict\u00f3 prisi\u00f3n preventiva oficiosa; el 12 de junio, las autoridades definir\u00e1n su situaci\u00f3n jur\u00eddica.<\/p>\n\n\n\n<p>A finales de mayo, Jorge Luis fue detenido por el asesinato del candidato a presidente de la junta auxiliar de San Pedro Zacachimalpa.<\/p>\n\n\n\n<p>Fuentes policiales indicaron que Jorge Luis est\u00e1 relacionado con el grupo delictivo conocido como \u2018Los Negros\u2019.<\/p>\n\n\n\n<p>Adem\u00e1s, informaron que es sobrino de Ernesto y Martha, personas que se encuentran privadas de su libertad por delitos como homicidios, desaparici\u00f3n de personas y robo a transporte de carga en penales de Puebla.<\/p>\n\n\n\n<p>El 15 de enero, Juan Manuel N., fue atacado a balazos mientras circulaba abordo de una camioneta por la junta auxiliar de San Pedro Zacachimalpa.<\/p>\n\n\n\n<p>\u00abLa hoy v\u00edctima identificada como Juan Manuel N., candidato a la presidencia auxiliar, circulaba a bordo de una camioneta Ford, seguido por su esposa en un veh\u00edculo Nissan, cuando a la altura de las canchas deportivas del lugar, fueron agredidos con disparos de arma de fuego por varios sujetos, causando la muerte del masculino, mientras que la mujer result\u00f3 lesionada\u00bb, informaron las autoridades.<\/p>\n","protected":false},"excerpt":{"rendered":"<p>Por su probable responsabilidad en el asesinato del candidato a presidente de la junta auxiliar de San Pedro Zacachimalpa, Juan Manuel N., Edgar Esteban, &#8216;El Cuco&#8217;, fue arrestado en el municipio de San Andr\u00e9s Cholula; el sujeto es el segundo detenido por el homicidio. El detenido fue identificado como como objetivo por los delitos de [&hellip;]<\/p>\n","protected":false},"author":4,"featured_media":63537,"comment_status":"open","ping_status":"open","sticky":false,"template":"","format":"standard","meta":{"om_disable_all_campaigns":false,"_monsterinsights_skip_tracking":false,"_monsterinsights_sitenote_active":false,"_monsterinsights_sitenote_note":"","_monsterinsights_sitenote_category":0,"footnotes":""},"categories":[175,226],"tags":[223],"class_list":["post-63536","post","type-post","status-publish","format-standard","has-post-thumbnail","hentry","category-local","category-policia","tag-puebla"],"amp_enabled":true,"_links":{"self":[{"href":"https:\/\/lahora.mx\/index.php\/wp-json\/wp\/v2\/posts\/63536","targetHints":{"allow":["GET"]}}],"collection":[{"href":"https:\/\/lahora.mx\/index.php\/wp-json\/wp\/v2\/posts"}],"about":[{"href":"https:\/\/lahora.mx\/index.php\/wp-json\/wp\/v2\/types\/post"}],"author":[{"embeddable":true,"href":"https:\/\/lahora.mx\/index.php\/wp-json\/wp\/v2\/users\/4"}],"replies":[{"embeddable":true,"href":"https:\/\/lahora.mx\/index.php\/wp-json\/wp\/v2\/comments?post=63536"}],"version-history":[{"count":1,"href":"https:\/\/lahora.mx\/index.php\/wp-json\/wp\/v2\/posts\/63536\/revisions"}],"predecessor-version":[{"id":63538,"href":"https:\/\/lahora.mx\/index.php\/wp-json\/wp\/v2\/posts\/63536\/revisions\/63538"}],"wp:featuredmedia":[{"embeddable":true,"href":"https:\/\/lahora.mx\/index.php\/wp-json\/wp\/v2\/media\/63537"}],"wp:attachment":[{"href":"https:\/\/lahora.mx\/index.php\/wp-json\/wp\/v2\/media?parent=63536"}],"wp:term":[{"taxonomy":"category","embeddable":true,"href":"https:\/\/lahora.mx\/index.php\/wp-json\/wp\/v2\/categories?post=63536"},{"taxonomy":"post_tag","embeddable":true,"href":"https:\/\/lahora.mx\/index.php\/wp-json\/wp\/v2\/tags?post=63536"}],"curies":[{"name":"wp","href":"https:\/\/api.w.org\/{rel}","templated":true}]}}