{"id":63533,"date":"2025-06-10T18:13:14","date_gmt":"2025-06-10T18:13:14","guid":{"rendered":"https:\/\/lahora.mx\/?p=63533"},"modified":"2025-06-10T18:13:14","modified_gmt":"2025-06-10T18:13:14","slug":"dos-muertos-y-20-heridos-tras-accidente-de-autobus-de-ado-que-salio-de-puebla","status":"publish","type":"post","link":"https:\/\/lahora.mx\/index.php\/2025\/06\/10\/dos-muertos-y-20-heridos-tras-accidente-de-autobus-de-ado-que-salio-de-puebla\/","title":{"rendered":"Dos muertos y 20 heridos tras accidente de autob\u00fas de ADO que sali\u00f3 de Puebla"},"content":{"rendered":"\n<p>Un accidente registrado la madrugada de este martes en la autopista La Tinaja-Cosoleacaque, a la altura del kil\u00f3metro 149, dej\u00f3 como saldo dos personas muertas y 20 m\u00e1s lesionadas.<\/p>\n\n\n\n<p>El accidente involucr\u00f3 a un autob\u00fas de pasajeros de la empresa ADO, procedente de Puebla y con destino a M\u00e9rida, Yucat\u00e1n, el cual se impact\u00f3 contra la parte trasera de un tr\u00e1iler.<\/p>\n\n\n\n<p>Uno de los fallecidos fue el conductor del autob\u00fas, quien qued\u00f3 prensado en la unidad. El segundo fallecido no ha sido identificado.<\/p>\n\n\n\n<p>Elementos de la Guardia Nacional, divisi\u00f3n Carreteras, as\u00ed como personal de Caminos y Puentes Federales (Capufe), acudieron al lugar para realizar el abanderamiento correspondiente para evitar otro accidente.<\/p>\n\n\n\n<p>Los servicios de emergencia trasladaron a los heridos a hospitales ubicados en Acayucan, Oluta e Islas.<\/p>\n\n\n\n<p>Lista preliminar de personas lesionadas:<\/p>\n\n\n\n<p>Matilde Mesme Garc\u00eda, 59 a\u00f1os, diab\u00e9tica, Orizaba<br>Mois\u00e9s Rodr\u00edguez Carrera, 66 a\u00f1os, Orizaba<br>Ignacio Alejandro Dom\u00ednguez Rivera, 61 a\u00f1os, Orizaba<br>Argelia Quiroga Contreras, 50 a\u00f1os, Tlaxcala<br>Nelson Ronz\u00f3n Ram\u00edrez, 55 a\u00f1os, Puebla<br>Fortunata Espinoza Bautista, 60 a\u00f1os, M\u00e9rida<br>Carmelo Cid, 55 a\u00f1os, C\u00f3rdoba<br>Ricardo Hern\u00e1ndez Rojas, 35 a\u00f1os, Chilpancingo, Guerrero<br>Fernando Jos\u00e9 Ju\u00e1rez Contreras, 18 a\u00f1os, Puebla<br>Dayron Michel Ju\u00e1rez Contreras, 20 a\u00f1os, Puebla<br>Claudio Fernando Galicia Flores, 30 a\u00f1os, Puebla<br>\u00c1ngel Said Castro Hern\u00e1ndez, 23 a\u00f1os, Orizaba<br>Susana Esteven de Marcos, 60 a\u00f1os, Tlaxcala<br>Reyna Olla Sangu\u00edneo, 52 a\u00f1os, Puebla<br>Juan Javier Silva Guti\u00e9rrez, 21 a\u00f1os, Puebla<br>Javier Benito P\u00e9rez, 56 a\u00f1os, Poza Rica<br>Gilberto Canul Rivera, 53 a\u00f1os, C\u00f3rdoba, Veracruz<br>Rosa Evelya Mu\u00f1oz Romero, 89 a\u00f1os, Villahermosa<br>Jos\u00e9 Alberto B\u00e1ez, 33 a\u00f1os, Puebla<br>Carmen M\u00e9ndez S\u00e1nchez, 53 a\u00f1os, C\u00f3rdoba<\/p>\n\n\n\n<p>Peritos de la Fiscal\u00eda General del Estado (FGE) de Veracruz realizaron el levantamiento de los cuerpos, que fueron trasladados al Servicio M\u00e9dico Forense (Semefo) para su identificaci\u00f3n.<\/p>\n\n\n\n<p>La vialidad permaneci\u00f3 cerrada durante aproximadamente cinco horas, lo que gener\u00f3 afectaciones al tr\u00e1nsito vehicular en la zona.<\/p>\n","protected":false},"excerpt":{"rendered":"<p>Un accidente registrado la madrugada de este martes en la autopista La Tinaja-Cosoleacaque, a la altura del kil\u00f3metro 149, dej\u00f3 como saldo dos personas muertas y 20 m\u00e1s lesionadas. El accidente involucr\u00f3 a un autob\u00fas de pasajeros de la empresa ADO, procedente de Puebla y con destino a M\u00e9rida, Yucat\u00e1n, el cual se impact\u00f3 contra [&hellip;]<\/p>\n","protected":false},"author":4,"featured_media":63534,"comment_status":"open","ping_status":"open","sticky":false,"template":"","format":"standard","meta":{"om_disable_all_campaigns":false,"_monsterinsights_skip_tracking":false,"_monsterinsights_sitenote_active":false,"_monsterinsights_sitenote_note":"","_monsterinsights_sitenote_category":0,"footnotes":""},"categories":[175,226],"tags":[195,223],"class_list":["post-63533","post","type-post","status-publish","format-standard","has-post-thumbnail","hentry","category-local","category-policia","tag-principal","tag-puebla"],"amp_enabled":true,"_links":{"self":[{"href":"https:\/\/lahora.mx\/index.php\/wp-json\/wp\/v2\/posts\/63533","targetHints":{"allow":["GET"]}}],"collection":[{"href":"https:\/\/lahora.mx\/index.php\/wp-json\/wp\/v2\/posts"}],"about":[{"href":"https:\/\/lahora.mx\/index.php\/wp-json\/wp\/v2\/types\/post"}],"author":[{"embeddable":true,"href":"https:\/\/lahora.mx\/index.php\/wp-json\/wp\/v2\/users\/4"}],"replies":[{"embeddable":true,"href":"https:\/\/lahora.mx\/index.php\/wp-json\/wp\/v2\/comments?post=63533"}],"version-history":[{"count":1,"href":"https:\/\/lahora.mx\/index.php\/wp-json\/wp\/v2\/posts\/63533\/revisions"}],"predecessor-version":[{"id":63535,"href":"https:\/\/lahora.mx\/index.php\/wp-json\/wp\/v2\/posts\/63533\/revisions\/63535"}],"wp:featuredmedia":[{"embeddable":true,"href":"https:\/\/lahora.mx\/index.php\/wp-json\/wp\/v2\/media\/63534"}],"wp:attachment":[{"href":"https:\/\/lahora.mx\/index.php\/wp-json\/wp\/v2\/media?parent=63533"}],"wp:term":[{"taxonomy":"category","embeddable":true,"href":"https:\/\/lahora.mx\/index.php\/wp-json\/wp\/v2\/categories?post=63533"},{"taxonomy":"post_tag","embeddable":true,"href":"https:\/\/lahora.mx\/index.php\/wp-json\/wp\/v2\/tags?post=63533"}],"curies":[{"name":"wp","href":"https:\/\/api.w.org\/{rel}","templated":true}]}}